{"id":23940,"date":"2022-11-25T13:20:31","date_gmt":"2022-11-25T13:20:31","guid":{"rendered":"https:\/\/www.ayuntamientodeharia.com\/haria\/?p=23940"},"modified":"2022-11-25T13:20:31","modified_gmt":"2022-11-25T13:20:31","slug":"pancho-el-cubano-sera-pregonero-de-las-fiestas-de-maguez-en-honor-a-santa-barbara","status":"publish","type":"post","link":"https:\/\/www.ayuntamientodeharia.com\/haria\/pancho-el-cubano-sera-pregonero-de-las-fiestas-de-maguez-en-honor-a-santa-barbara\/","title":{"rendered":"Pancho \u2018El Cubano\u2019 ser\u00e1 pregonero de las Fiestas de M\u00e1guez  en Honor a Santa B\u00e1rbara"},"content":{"rendered":"<p><span style=\"font-weight: 400;\">El Ayuntamiento de Har\u00eda, a trav\u00e9s del \u00e1rea de Festejos, anuncia que el pregonero de las Fiestas de M\u00e1guez en Honor a Santa B\u00e1rbara ser\u00e1 Francisco Figueroa Hern\u00e1ndez.<\/span><\/p>\n<p><span style=\"font-weight: 400;\">Este vecino del pueblo, tambi\u00e9n conocido como Pancho \u2018El Cubano\u2019 dar\u00e1 apertura con su discurso a las Fiestas de M\u00e1guez.<\/span><\/p>\n<p><span style=\"font-weight: 400;\">La Sociedad de M\u00e1guez acoger\u00e1 la celebraci\u00f3n del preg\u00f3n el pr\u00f3ximo 2 de diciembre, a las 20:00 horas.\u00a0<\/span><\/p>\n","protected":false},"excerpt":{"rendered":"<p>El Ayuntamiento de Har\u00eda, a trav\u00e9s del \u00e1rea de Festejos, anuncia que el pregonero de las Fiestas de M\u00e1guez en Honor a Santa B\u00e1rbara ser\u00e1 Francisco Figueroa Hern\u00e1ndez. Este vecino del pueblo, tambi\u00e9n conocido como Pancho \u2018El Cubano\u2019 dar\u00e1 apertura con su discurso a las Fiestas de M\u00e1guez. La Sociedad de M\u00e1guez acoger\u00e1 la celebraci\u00f3n [&hellip;]<\/p>\n","protected":false},"author":13,"featured_media":23942,"comment_status":"closed","ping_status":"closed","sticky":false,"template":"","format":"standard","meta":{"footnotes":""},"categories":[11],"tags":[],"class_list":["post-23940","post","type-post","status-publish","format-standard","has-post-thumbnail","hentry","category-hoja-de-haria"],"_links":{"self":[{"href":"https:\/\/www.ayuntamientodeharia.com\/haria\/wp-json\/wp\/v2\/posts\/23940","targetHints":{"allow":["GET"]}}],"collection":[{"href":"https:\/\/www.ayuntamientodeharia.com\/haria\/wp-json\/wp\/v2\/posts"}],"about":[{"href":"https:\/\/www.ayuntamientodeharia.com\/haria\/wp-json\/wp\/v2\/types\/post"}],"author":[{"embeddable":true,"href":"https:\/\/www.ayuntamientodeharia.com\/haria\/wp-json\/wp\/v2\/users\/13"}],"replies":[{"embeddable":true,"href":"https:\/\/www.ayuntamientodeharia.com\/haria\/wp-json\/wp\/v2\/comments?post=23940"}],"version-history":[{"count":1,"href":"https:\/\/www.ayuntamientodeharia.com\/haria\/wp-json\/wp\/v2\/posts\/23940\/revisions"}],"predecessor-version":[{"id":23943,"href":"https:\/\/www.ayuntamientodeharia.com\/haria\/wp-json\/wp\/v2\/posts\/23940\/revisions\/23943"}],"wp:featuredmedia":[{"embeddable":true,"href":"https:\/\/www.ayuntamientodeharia.com\/haria\/wp-json\/wp\/v2\/media\/23942"}],"wp:attachment":[{"href":"https:\/\/www.ayuntamientodeharia.com\/haria\/wp-json\/wp\/v2\/media?parent=23940"}],"wp:term":[{"taxonomy":"category","embeddable":true,"href":"https:\/\/www.ayuntamientodeharia.com\/haria\/wp-json\/wp\/v2\/categories?post=23940"},{"taxonomy":"post_tag","embeddable":true,"href":"https:\/\/www.ayuntamientodeharia.com\/haria\/wp-json\/wp\/v2\/tags?post=23940"}],"curies":[{"name":"wp","href":"https:\/\/api.w.org\/{rel}","templated":true}]}}