{"id":23937,"date":"2022-11-25T13:18:27","date_gmt":"2022-11-25T13:18:27","guid":{"rendered":"https:\/\/www.ayuntamientodeharia.com\/haria\/?p=23937"},"modified":"2022-11-25T13:18:27","modified_gmt":"2022-11-25T13:18:27","slug":"la-sala-el-aljibe-acoge-la-charla-como-perdimos-nuestra-lengua-amazigh-de-rumen-sosa","status":"publish","type":"post","link":"https:\/\/www.ayuntamientodeharia.com\/haria\/la-sala-el-aljibe-acoge-la-charla-como-perdimos-nuestra-lengua-amazigh-de-rumen-sosa\/","title":{"rendered":"La sala El Aljibe acoge la charla \u2018\u00bfC\u00f3mo perdimos nuestra  lengua Amazigh?\u2019 de Rum\u00e9n Sosa"},"content":{"rendered":"<p><span style=\"font-weight: 400;\">El Ayuntamiento de Har\u00eda, a trav\u00e9s del \u00c1rea de Patrimonio, junto a la Asociaci\u00f3n Cultural Pueblo Majo, organiza el pr\u00f3ximo s\u00e1bado 3 de diciembre, a las 12:00 horas, en la Sala El Aljibe de Har\u00eda la charla del doctor en Historia Rum\u00e9n Sosa Mart\u00edn, que adentrar\u00e1 al p\u00fablico asistente en uno de los episodios m\u00e1s interesantes de nuestra construcci\u00f3n como entidad popular, arrojando luz a uno de los temas de mayor inter\u00e9s, no solo para el mundo acad\u00e9mico, sino para todo el conjunto de la sociedad canaria actual.<\/span><\/p>\n<p>&nbsp;<\/p>\n<p><span style=\"font-weight: 400;\">Al finalizar la charla contaremos con la actuaci\u00f3n musical del guitarrista Adri\u00e1n Nuez Vega.<\/span><\/p>\n<p><span style=\"font-weight: 400;\">\u00a0<\/span><\/p>\n<p><span style=\"font-weight: 400;\">La entrada es libre y gratuita hasta completar aforo. M\u00e1s informaci\u00f3n en las redes sociales de la \u201cAsociaci\u00f3n Cultural Pueblo Maho\u201d y en el \u00c1rea de Patrimonio del Ayuntamiento de Har\u00eda llamando al 637893535<\/span><\/p>\n","protected":false},"excerpt":{"rendered":"<p>El Ayuntamiento de Har\u00eda, a trav\u00e9s del \u00c1rea de Patrimonio, junto a la Asociaci\u00f3n Cultural Pueblo Majo, organiza el pr\u00f3ximo s\u00e1bado 3 de diciembre, a las 12:00 horas, en la Sala El Aljibe de Har\u00eda la charla del doctor en Historia Rum\u00e9n Sosa Mart\u00edn, que adentrar\u00e1 al p\u00fablico asistente en uno de los episodios m\u00e1s [&hellip;]<\/p>\n","protected":false},"author":13,"featured_media":23938,"comment_status":"closed","ping_status":"closed","sticky":false,"template":"","format":"standard","meta":{"footnotes":""},"categories":[16],"tags":[],"class_list":["post-23937","post","type-post","status-publish","format-standard","has-post-thumbnail","hentry","category-cultura"],"_links":{"self":[{"href":"https:\/\/www.ayuntamientodeharia.com\/haria\/wp-json\/wp\/v2\/posts\/23937","targetHints":{"allow":["GET"]}}],"collection":[{"href":"https:\/\/www.ayuntamientodeharia.com\/haria\/wp-json\/wp\/v2\/posts"}],"about":[{"href":"https:\/\/www.ayuntamientodeharia.com\/haria\/wp-json\/wp\/v2\/types\/post"}],"author":[{"embeddable":true,"href":"https:\/\/www.ayuntamientodeharia.com\/haria\/wp-json\/wp\/v2\/users\/13"}],"replies":[{"embeddable":true,"href":"https:\/\/www.ayuntamientodeharia.com\/haria\/wp-json\/wp\/v2\/comments?post=23937"}],"version-history":[{"count":1,"href":"https:\/\/www.ayuntamientodeharia.com\/haria\/wp-json\/wp\/v2\/posts\/23937\/revisions"}],"predecessor-version":[{"id":23939,"href":"https:\/\/www.ayuntamientodeharia.com\/haria\/wp-json\/wp\/v2\/posts\/23937\/revisions\/23939"}],"wp:featuredmedia":[{"embeddable":true,"href":"https:\/\/www.ayuntamientodeharia.com\/haria\/wp-json\/wp\/v2\/media\/23938"}],"wp:attachment":[{"href":"https:\/\/www.ayuntamientodeharia.com\/haria\/wp-json\/wp\/v2\/media?parent=23937"}],"wp:term":[{"taxonomy":"category","embeddable":true,"href":"https:\/\/www.ayuntamientodeharia.com\/haria\/wp-json\/wp\/v2\/categories?post=23937"},{"taxonomy":"post_tag","embeddable":true,"href":"https:\/\/www.ayuntamientodeharia.com\/haria\/wp-json\/wp\/v2\/tags?post=23937"}],"curies":[{"name":"wp","href":"https:\/\/api.w.org\/{rel}","templated":true}]}}