{"id":23827,"date":"2022-11-04T15:00:42","date_gmt":"2022-11-04T15:00:42","guid":{"rendered":"https:\/\/www.ayuntamientodeharia.com\/haria\/?p=23827"},"modified":"2022-11-04T15:00:42","modified_gmt":"2022-11-04T15:00:42","slug":"haria-pone-fin-con-gran-exito-a-varias-decenas-de-actividades-del-mes-de-los-mayores-en-marcha","status":"publish","type":"post","link":"https:\/\/www.ayuntamientodeharia.com\/haria\/haria-pone-fin-con-gran-exito-a-varias-decenas-de-actividades-del-mes-de-los-mayores-en-marcha\/","title":{"rendered":"Har\u00eda pone fin \u201ccon gran \u00e9xito\u201d a varias decenas de actividades del Mes de los Mayores en Marcha"},"content":{"rendered":"<p>El Ayuntamiento de Har\u00eda celebr\u00f3 el pasado s\u00e1bado, 29 de octubre, en la Plaza del pueblo, el acto de clausura del \u2018Mes de los Mayores en Marcha\u2019 y entrega de premios de la Liga de Bola Canaria de madera. Las personas de edad de Har\u00eda disfrutaron de m\u00e1s de una veintena de actividades durante todo el mes de octubre a trav\u00e9s de esta iniciativa de dinamizaci\u00f3n del colectivo organizada en colaboraci\u00f3n con el Cabildo de Lanzarote.<\/p>\n<p>En este acto estuvo presente la alcaldesa de Har\u00eda, Evelia Garc\u00eda, acompa\u00f1ada del concejal de la Tercera Edad, Jos\u00e9 Torres Stinga, y de la consejera de Derechos Sociales del Cabildo de Lanzarote, Isabel Mart\u00edn, entre otros representantes pol\u00edticos de la Isla y decenas de personas mayores que participaron como p\u00fablico.<\/p>\n<p>La alcaldesa de Har\u00eda, Evelia Garc\u00eda, calific\u00f3 el Mes de los Mayores en Marcha como un \u201cgran \u00e9xito\u201d y agradeci\u00f3 la colaboraci\u00f3n del Cabildo de Lanzarote en la organizaci\u00f3n del evento y la amplia participaci\u00f3n de vecinos y vecinas del municipio.<\/p>\n<p><img fetchpriority=\"high\" decoding=\"async\" class=\"wp-image-23829 aligncenter\" src=\"https:\/\/www.ayuntamientodeharia.com\/haria\/wp-content\/uploads\/2022\/11\/Clausura-Mes-Mayores-en-Marcha-12-1-450x300.jpg\" alt=\"\" width=\"695\" height=\"463\" srcset=\"https:\/\/www.ayuntamientodeharia.com\/haria\/wp-content\/uploads\/2022\/11\/Clausura-Mes-Mayores-en-Marcha-12-1-450x300.jpg 450w, https:\/\/www.ayuntamientodeharia.com\/haria\/wp-content\/uploads\/2022\/11\/Clausura-Mes-Mayores-en-Marcha-12-1-1038x691.jpg 1038w, https:\/\/www.ayuntamientodeharia.com\/haria\/wp-content\/uploads\/2022\/11\/Clausura-Mes-Mayores-en-Marcha-12-1-768x511.jpg 768w, https:\/\/www.ayuntamientodeharia.com\/haria\/wp-content\/uploads\/2022\/11\/Clausura-Mes-Mayores-en-Marcha-12-1-168x112.jpg 168w, https:\/\/www.ayuntamientodeharia.com\/haria\/wp-content\/uploads\/2022\/11\/Clausura-Mes-Mayores-en-Marcha-12-1.jpg 1280w\" sizes=\"(max-width: 695px) 100vw, 695px\" \/><\/p>\n<p>\u201cLas personas de edad han respondido tal como esper\u00e1bamos a esta iniciativa, lo que nos anima a querer celebrar m\u00e1s ediciones del proyecto y a seguir fomentando las actividades para los mayores que tanto las necesitan en su d\u00eda a d\u00eda\u201d, resalt\u00f3.<\/p>\n<p>Por su parte, la consejera Isabel Mart\u00edn aprovech\u00f3 para agradecer tambi\u00e9n \u201cla colaboraci\u00f3n del Ayuntamiento en el desarrollo de estas actividades, as\u00ed como a todas las personas que hicieron posible que este proyecto fuera un \u00e9xito y que las personas de la tercera edad disfrutaran de ocio, deporte, actuaciones musicales, humor, talleres y charlas\u201d.<\/p>\n<p>El pasado viernes, 28 de octubre, el Monumento al Campesino acogi\u00f3 la \u00faltima de las charlas previstas en el programa de este mes, titulada \u2018Seguridad y prevenci\u00f3n en delitos para personas mayores\u2019, impartida por la Guardia Civil.<\/p>\n<p>Para poner el colof\u00f3n al proyecto, los asistentes disfrutaron de un concierto homenaje a Carlos Gardel, del Grupo Rumores de Milonga y, a continuaci\u00f3n, de un concierto de Los Lolas.<\/p>\n","protected":false},"excerpt":{"rendered":"<p>El Ayuntamiento de Har\u00eda celebr\u00f3 el pasado s\u00e1bado, 29 de octubre, en la Plaza del pueblo, el acto de clausura del \u2018Mes de los Mayores en Marcha\u2019 y entrega de premios de la Liga de Bola Canaria de madera. Las personas de edad de Har\u00eda disfrutaron de m\u00e1s de una veintena de actividades durante todo [&hellip;]<\/p>\n","protected":false},"author":13,"featured_media":23828,"comment_status":"closed","ping_status":"closed","sticky":false,"template":"","format":"standard","meta":{"footnotes":""},"categories":[73,425,11,61],"tags":[],"class_list":["post-23827","post","type-post","status-publish","format-standard","has-post-thumbnail","hentry","category-alcaldia","category-destacado","category-hoja-de-haria","category-tercera-edad"],"_links":{"self":[{"href":"https:\/\/www.ayuntamientodeharia.com\/haria\/wp-json\/wp\/v2\/posts\/23827","targetHints":{"allow":["GET"]}}],"collection":[{"href":"https:\/\/www.ayuntamientodeharia.com\/haria\/wp-json\/wp\/v2\/posts"}],"about":[{"href":"https:\/\/www.ayuntamientodeharia.com\/haria\/wp-json\/wp\/v2\/types\/post"}],"author":[{"embeddable":true,"href":"https:\/\/www.ayuntamientodeharia.com\/haria\/wp-json\/wp\/v2\/users\/13"}],"replies":[{"embeddable":true,"href":"https:\/\/www.ayuntamientodeharia.com\/haria\/wp-json\/wp\/v2\/comments?post=23827"}],"version-history":[{"count":1,"href":"https:\/\/www.ayuntamientodeharia.com\/haria\/wp-json\/wp\/v2\/posts\/23827\/revisions"}],"predecessor-version":[{"id":23830,"href":"https:\/\/www.ayuntamientodeharia.com\/haria\/wp-json\/wp\/v2\/posts\/23827\/revisions\/23830"}],"wp:featuredmedia":[{"embeddable":true,"href":"https:\/\/www.ayuntamientodeharia.com\/haria\/wp-json\/wp\/v2\/media\/23828"}],"wp:attachment":[{"href":"https:\/\/www.ayuntamientodeharia.com\/haria\/wp-json\/wp\/v2\/media?parent=23827"}],"wp:term":[{"taxonomy":"category","embeddable":true,"href":"https:\/\/www.ayuntamientodeharia.com\/haria\/wp-json\/wp\/v2\/categories?post=23827"},{"taxonomy":"post_tag","embeddable":true,"href":"https:\/\/www.ayuntamientodeharia.com\/haria\/wp-json\/wp\/v2\/tags?post=23827"}],"curies":[{"name":"wp","href":"https:\/\/api.w.org\/{rel}","templated":true}]}}