{"id":23823,"date":"2022-11-04T14:59:04","date_gmt":"2022-11-04T14:59:04","guid":{"rendered":"https:\/\/www.ayuntamientodeharia.com\/haria\/?p=23823"},"modified":"2022-11-04T14:59:04","modified_gmt":"2022-11-04T14:59:04","slug":"mas-de-un-centenar-de-vecinos-asisten-a-la-charla-seguridad-y-prevencion-en-delitos-para-personas-mayores","status":"publish","type":"post","link":"https:\/\/www.ayuntamientodeharia.com\/haria\/mas-de-un-centenar-de-vecinos-asisten-a-la-charla-seguridad-y-prevencion-en-delitos-para-personas-mayores\/","title":{"rendered":"M\u00e1s de un centenar de vecinos asisten a la charla \u2018Seguridad y prevenci\u00f3n en delitos para personas mayores\u2019"},"content":{"rendered":"<p>El Ayuntamiento de Har\u00eda organiz\u00f3 el pasado viernes, 28 de octubre, en el Monumento al Campesino, la \u00faltima charla del proyecto Mes de los Mayores en Marcha, \u2018Seguridad y prevenci\u00f3n en delitos para personas mayores\u2019. Cerca de 120 personas de edad tomaron parte de esta ponencia impartida por la Guardia Civil.<\/p>\n<p>Durante el mismo d\u00eda, los vecinos y vecinas disfrutaron de una excursi\u00f3n por la Isla, incluyendo la asistencia a la misa en Fem\u00e9s por San Marcial del Rubic\u00f3n, una visita a Famara y la charla sobre seguridad mencionada.<\/p>\n<p>Antes de esta ponencia de la Benem\u00e9rita, los participantes disfrutaron de una comida conjunta en el restaurante del Monumento al Campesino, probando la oferta gastron\u00f3mica aut\u00f3ctona de este enclave.<\/p>\n","protected":false},"excerpt":{"rendered":"<p>El Ayuntamiento de Har\u00eda organiz\u00f3 el pasado viernes, 28 de octubre, en el Monumento al Campesino, la \u00faltima charla del proyecto Mes de los Mayores en Marcha, \u2018Seguridad y prevenci\u00f3n en delitos para personas mayores\u2019. Cerca de 120 personas de edad tomaron parte de esta ponencia impartida por la Guardia Civil. Durante el mismo d\u00eda, [&hellip;]<\/p>\n","protected":false},"author":13,"featured_media":23824,"comment_status":"closed","ping_status":"closed","sticky":false,"template":"","format":"standard","meta":{"footnotes":""},"categories":[425,11,61],"tags":[],"class_list":["post-23823","post","type-post","status-publish","format-standard","has-post-thumbnail","hentry","category-destacado","category-hoja-de-haria","category-tercera-edad"],"_links":{"self":[{"href":"https:\/\/www.ayuntamientodeharia.com\/haria\/wp-json\/wp\/v2\/posts\/23823","targetHints":{"allow":["GET"]}}],"collection":[{"href":"https:\/\/www.ayuntamientodeharia.com\/haria\/wp-json\/wp\/v2\/posts"}],"about":[{"href":"https:\/\/www.ayuntamientodeharia.com\/haria\/wp-json\/wp\/v2\/types\/post"}],"author":[{"embeddable":true,"href":"https:\/\/www.ayuntamientodeharia.com\/haria\/wp-json\/wp\/v2\/users\/13"}],"replies":[{"embeddable":true,"href":"https:\/\/www.ayuntamientodeharia.com\/haria\/wp-json\/wp\/v2\/comments?post=23823"}],"version-history":[{"count":2,"href":"https:\/\/www.ayuntamientodeharia.com\/haria\/wp-json\/wp\/v2\/posts\/23823\/revisions"}],"predecessor-version":[{"id":23826,"href":"https:\/\/www.ayuntamientodeharia.com\/haria\/wp-json\/wp\/v2\/posts\/23823\/revisions\/23826"}],"wp:featuredmedia":[{"embeddable":true,"href":"https:\/\/www.ayuntamientodeharia.com\/haria\/wp-json\/wp\/v2\/media\/23824"}],"wp:attachment":[{"href":"https:\/\/www.ayuntamientodeharia.com\/haria\/wp-json\/wp\/v2\/media?parent=23823"}],"wp:term":[{"taxonomy":"category","embeddable":true,"href":"https:\/\/www.ayuntamientodeharia.com\/haria\/wp-json\/wp\/v2\/categories?post=23823"},{"taxonomy":"post_tag","embeddable":true,"href":"https:\/\/www.ayuntamientodeharia.com\/haria\/wp-json\/wp\/v2\/tags?post=23823"}],"curies":[{"name":"wp","href":"https:\/\/api.w.org\/{rel}","templated":true}]}}