{"id":23820,"date":"2022-11-04T14:57:33","date_gmt":"2022-11-04T14:57:33","guid":{"rendered":"https:\/\/www.ayuntamientodeharia.com\/haria\/?p=23820"},"modified":"2022-11-04T14:57:33","modified_gmt":"2022-11-04T14:57:33","slug":"gran-participacion-en-la-xii-edicion-de-la-semana-cultural-de-haria","status":"publish","type":"post","link":"https:\/\/www.ayuntamientodeharia.com\/haria\/gran-participacion-en-la-xii-edicion-de-la-semana-cultural-de-haria\/","title":{"rendered":"Gran participaci\u00f3n en la XII edici\u00f3n de la Semana Cultural de Har\u00eda"},"content":{"rendered":"<p>El pasado 31 de octubre dio comienzo la XII Semana Cultural de Har\u00eda. Esta iniciativa, que se extender\u00e1 hasta este domingo, 6 de noviembre, est\u00e1 organizada por la Asociaci\u00f3n de Amigos del Queso y del Vino de Lanzarote y con la Fundaci\u00f3n Jos\u00e9 Clavijo y Fajardo y cuenta con la colaboraci\u00f3n del Ayuntamiento de Har\u00eda.<\/p>\n<p>Estos primeros d\u00edas del evento han gozado de una amplia participaci\u00f3n y los trabajos del alumnado de los colegios de Har\u00eda ya se encuentran expuestos y disponibles para visitar. Los ni\u00f1os y ni\u00f1as tambi\u00e9n han recibido talleres sobre la cultura del agua de la mano de Aurelio P\u00e9rez de la Cruz.<\/p>\n<p>Este domingo concluir\u00e1 la Semana Cultural con el comienzo de la Fiesta del Aguapata, con actuaciones musicales, degustaciones de diversos productos locales y comida de confraternidad.<\/p>\n","protected":false},"excerpt":{"rendered":"<p>El pasado 31 de octubre dio comienzo la XII Semana Cultural de Har\u00eda. Esta iniciativa, que se extender\u00e1 hasta este domingo, 6 de noviembre, est\u00e1 organizada por la Asociaci\u00f3n de Amigos del Queso y del Vino de Lanzarote y con la Fundaci\u00f3n Jos\u00e9 Clavijo y Fajardo y cuenta con la colaboraci\u00f3n del Ayuntamiento de Har\u00eda. [&hellip;]<\/p>\n","protected":false},"author":13,"featured_media":23821,"comment_status":"closed","ping_status":"closed","sticky":false,"template":"","format":"standard","meta":{"footnotes":""},"categories":[16,425,11],"tags":[],"class_list":["post-23820","post","type-post","status-publish","format-standard","has-post-thumbnail","hentry","category-cultura","category-destacado","category-hoja-de-haria"],"_links":{"self":[{"href":"https:\/\/www.ayuntamientodeharia.com\/haria\/wp-json\/wp\/v2\/posts\/23820","targetHints":{"allow":["GET"]}}],"collection":[{"href":"https:\/\/www.ayuntamientodeharia.com\/haria\/wp-json\/wp\/v2\/posts"}],"about":[{"href":"https:\/\/www.ayuntamientodeharia.com\/haria\/wp-json\/wp\/v2\/types\/post"}],"author":[{"embeddable":true,"href":"https:\/\/www.ayuntamientodeharia.com\/haria\/wp-json\/wp\/v2\/users\/13"}],"replies":[{"embeddable":true,"href":"https:\/\/www.ayuntamientodeharia.com\/haria\/wp-json\/wp\/v2\/comments?post=23820"}],"version-history":[{"count":1,"href":"https:\/\/www.ayuntamientodeharia.com\/haria\/wp-json\/wp\/v2\/posts\/23820\/revisions"}],"predecessor-version":[{"id":23822,"href":"https:\/\/www.ayuntamientodeharia.com\/haria\/wp-json\/wp\/v2\/posts\/23820\/revisions\/23822"}],"wp:featuredmedia":[{"embeddable":true,"href":"https:\/\/www.ayuntamientodeharia.com\/haria\/wp-json\/wp\/v2\/media\/23821"}],"wp:attachment":[{"href":"https:\/\/www.ayuntamientodeharia.com\/haria\/wp-json\/wp\/v2\/media?parent=23820"}],"wp:term":[{"taxonomy":"category","embeddable":true,"href":"https:\/\/www.ayuntamientodeharia.com\/haria\/wp-json\/wp\/v2\/categories?post=23820"},{"taxonomy":"post_tag","embeddable":true,"href":"https:\/\/www.ayuntamientodeharia.com\/haria\/wp-json\/wp\/v2\/tags?post=23820"}],"curies":[{"name":"wp","href":"https:\/\/api.w.org\/{rel}","templated":true}]}}