{"id":23817,"date":"2022-11-04T14:56:35","date_gmt":"2022-11-04T14:56:35","guid":{"rendered":"https:\/\/www.ayuntamientodeharia.com\/haria\/?p=23817"},"modified":"2022-11-04T14:56:35","modified_gmt":"2022-11-04T14:56:35","slug":"ye-se-prepara-para-las-fiestas-de-san-francisco-javier-2022","status":"publish","type":"post","link":"https:\/\/www.ayuntamientodeharia.com\/haria\/ye-se-prepara-para-las-fiestas-de-san-francisco-javier-2022\/","title":{"rendered":"Ye se prepara para las Fiestas de San Francisco Javier 2022"},"content":{"rendered":"<p>El Ayuntamiento de Har\u00eda presenta la programaci\u00f3n para las Fiestas de San Francisco Javier de Ye de este 2022. Los actos y actividades dar\u00e1n comienzo el 11 de noviembre y se extender\u00e1n hasta el d\u00eda 27.<\/p>\n<p><strong>AVANCE DE LA PROGRAMACI\u00d3N<\/strong><\/p>\n<p><strong>VIERNES, 11 NOVIEMBRE<\/strong><\/p>\n<p>20:00 horas. Sorteo y comienzo del Campeonato de Envite.<\/p>\n<p>20:30 horas. Preg\u00f3n de las fiestas de San Francisco Javier a cargo de D\u00f1a. Nieves Morales Perdomo.<\/p>\n<p>21:00 horas. Tenderete Canario amenizado por la actuaci\u00f3n de Punto Cubano con Yeray Rodr\u00edguez.<\/p>\n<p><strong>SABADO, 12 NOVIEMBRE<\/strong><\/p>\n<p>10:00 horas. Taller Sal de Colores para ni\u00f1os.<\/p>\n<p>17:00 horas. Sorteo y comienzo del Campeonato Masculino de Bola Libre.<\/p>\n<p>18:00 horas. Sorteo y comienzo del Campeonato de Ronda Mixta.<\/p>\n<p>21:00 horas. Play Back a cargo de los ni\u00f1os y j\u00f3venes del pueblo.<\/p>\n<p><strong>DOMINGO, 13 NOVIEMBRE<\/strong><\/p>\n<p>10:00 horas. Sorteo y comienzo del Campeonato Femenino de Bola Libre.<\/p>\n<p>12:00 horas. Fiesta de la Tapa a 2\u20ac con animaci\u00f3n para los ni\u00f1os y con los grupos Kilombo Improvisado, Pepe Benavente y Treintytantos.<\/p>\n<p>16:30 horas. Sorteo y comienzo del Campeonato de Domin\u00f3.<\/p>\n","protected":false},"excerpt":{"rendered":"<p>El Ayuntamiento de Har\u00eda presenta la programaci\u00f3n para las Fiestas de San Francisco Javier de Ye de este 2022. Los actos y actividades dar\u00e1n comienzo el 11 de noviembre y se extender\u00e1n hasta el d\u00eda 27. AVANCE DE LA PROGRAMACI\u00d3N VIERNES, 11 NOVIEMBRE 20:00 horas. Sorteo y comienzo del Campeonato de Envite. 20:30 horas. Preg\u00f3n [&hellip;]<\/p>\n","protected":false},"author":13,"featured_media":23818,"comment_status":"closed","ping_status":"closed","sticky":false,"template":"","format":"standard","meta":{"footnotes":""},"categories":[32,15,11],"tags":[],"class_list":["post-23817","post","type-post","status-publish","format-standard","has-post-thumbnail","hentry","category-anuncios","category-festejos","category-hoja-de-haria"],"_links":{"self":[{"href":"https:\/\/www.ayuntamientodeharia.com\/haria\/wp-json\/wp\/v2\/posts\/23817","targetHints":{"allow":["GET"]}}],"collection":[{"href":"https:\/\/www.ayuntamientodeharia.com\/haria\/wp-json\/wp\/v2\/posts"}],"about":[{"href":"https:\/\/www.ayuntamientodeharia.com\/haria\/wp-json\/wp\/v2\/types\/post"}],"author":[{"embeddable":true,"href":"https:\/\/www.ayuntamientodeharia.com\/haria\/wp-json\/wp\/v2\/users\/13"}],"replies":[{"embeddable":true,"href":"https:\/\/www.ayuntamientodeharia.com\/haria\/wp-json\/wp\/v2\/comments?post=23817"}],"version-history":[{"count":1,"href":"https:\/\/www.ayuntamientodeharia.com\/haria\/wp-json\/wp\/v2\/posts\/23817\/revisions"}],"predecessor-version":[{"id":23819,"href":"https:\/\/www.ayuntamientodeharia.com\/haria\/wp-json\/wp\/v2\/posts\/23817\/revisions\/23819"}],"wp:featuredmedia":[{"embeddable":true,"href":"https:\/\/www.ayuntamientodeharia.com\/haria\/wp-json\/wp\/v2\/media\/23818"}],"wp:attachment":[{"href":"https:\/\/www.ayuntamientodeharia.com\/haria\/wp-json\/wp\/v2\/media?parent=23817"}],"wp:term":[{"taxonomy":"category","embeddable":true,"href":"https:\/\/www.ayuntamientodeharia.com\/haria\/wp-json\/wp\/v2\/categories?post=23817"},{"taxonomy":"post_tag","embeddable":true,"href":"https:\/\/www.ayuntamientodeharia.com\/haria\/wp-json\/wp\/v2\/tags?post=23817"}],"curies":[{"name":"wp","href":"https:\/\/api.w.org\/{rel}","templated":true}]}}