{"id":23810,"date":"2022-11-04T14:46:19","date_gmt":"2022-11-04T14:46:19","guid":{"rendered":"https:\/\/www.ayuntamientodeharia.com\/haria\/?p=23810"},"modified":"2022-11-04T14:46:19","modified_gmt":"2022-11-04T14:46:19","slug":"exito-en-la-presentacion-del-nuevo-libro-de-iban-bermudez-cuando-abrace-la-vida","status":"publish","type":"post","link":"https:\/\/www.ayuntamientodeharia.com\/haria\/exito-en-la-presentacion-del-nuevo-libro-de-iban-bermudez-cuando-abrace-la-vida\/","title":{"rendered":"\u00c9xito en la presentaci\u00f3n del nuevo libro de Ib\u00e1n Berm\u00fadez, \u2018Cuando abrac\u00e9 la vida\u2019"},"content":{"rendered":"<p>El escritor lanzarote\u00f1o Ib\u00e1n Berm\u00fadez present\u00f3 el pasado s\u00e1bado, en Har\u00eda, su nueva obra literaria, \u2018Cuando abrac\u00e9 la vida\u2019. Este evento cont\u00f3 con la presencia de m\u00e1s de una decena de personas, que pudieron conocer de primera mano los entresijos del \u00faltimo libro publicado por el autor.<\/p>\n<p>El acto tuvo lugar en la Sala de Exposiciones \u2018El Aljibe\u2019, donde el autor tambi\u00e9n abord\u00f3 y analiz\u00f3 dos de sus t\u00edtulos m\u00e1s destacados en primicia en el municipio norte\u00f1o, \u2018Y de repente\u2026\u00a1Boom!\u2019 y \u2018Y de repente\u2026Yo\u2019.<\/p>\n<p>\u2018Cuando abrac\u00e9 la vida\u2019 es \u201cun fascinante libro que no solo aporta la lectura de una gran experiencia biogr\u00e1fica, sino que adem\u00e1s es una valiosa invitaci\u00f3n a inspirar tu vida y transformarla\u201d.<\/p>\n<p>Berm\u00fadez finaliz\u00f3 la presentaci\u00f3n charlando con los asistentes sobre su historia como escritor mostrando estos libros y sus experiencias.<\/p>\n","protected":false},"excerpt":{"rendered":"<p>El escritor lanzarote\u00f1o Ib\u00e1n Berm\u00fadez present\u00f3 el pasado s\u00e1bado, en Har\u00eda, su nueva obra literaria, \u2018Cuando abrac\u00e9 la vida\u2019. Este evento cont\u00f3 con la presencia de m\u00e1s de una decena de personas, que pudieron conocer de primera mano los entresijos del \u00faltimo libro publicado por el autor. El acto tuvo lugar en la Sala de [&hellip;]<\/p>\n","protected":false},"author":13,"featured_media":23811,"comment_status":"closed","ping_status":"closed","sticky":false,"template":"","format":"standard","meta":{"footnotes":""},"categories":[16,11],"tags":[],"class_list":["post-23810","post","type-post","status-publish","format-standard","has-post-thumbnail","hentry","category-cultura","category-hoja-de-haria"],"_links":{"self":[{"href":"https:\/\/www.ayuntamientodeharia.com\/haria\/wp-json\/wp\/v2\/posts\/23810","targetHints":{"allow":["GET"]}}],"collection":[{"href":"https:\/\/www.ayuntamientodeharia.com\/haria\/wp-json\/wp\/v2\/posts"}],"about":[{"href":"https:\/\/www.ayuntamientodeharia.com\/haria\/wp-json\/wp\/v2\/types\/post"}],"author":[{"embeddable":true,"href":"https:\/\/www.ayuntamientodeharia.com\/haria\/wp-json\/wp\/v2\/users\/13"}],"replies":[{"embeddable":true,"href":"https:\/\/www.ayuntamientodeharia.com\/haria\/wp-json\/wp\/v2\/comments?post=23810"}],"version-history":[{"count":2,"href":"https:\/\/www.ayuntamientodeharia.com\/haria\/wp-json\/wp\/v2\/posts\/23810\/revisions"}],"predecessor-version":[{"id":23813,"href":"https:\/\/www.ayuntamientodeharia.com\/haria\/wp-json\/wp\/v2\/posts\/23810\/revisions\/23813"}],"wp:featuredmedia":[{"embeddable":true,"href":"https:\/\/www.ayuntamientodeharia.com\/haria\/wp-json\/wp\/v2\/media\/23811"}],"wp:attachment":[{"href":"https:\/\/www.ayuntamientodeharia.com\/haria\/wp-json\/wp\/v2\/media?parent=23810"}],"wp:term":[{"taxonomy":"category","embeddable":true,"href":"https:\/\/www.ayuntamientodeharia.com\/haria\/wp-json\/wp\/v2\/categories?post=23810"},{"taxonomy":"post_tag","embeddable":true,"href":"https:\/\/www.ayuntamientodeharia.com\/haria\/wp-json\/wp\/v2\/tags?post=23810"}],"curies":[{"name":"wp","href":"https:\/\/api.w.org\/{rel}","templated":true}]}}