{"id":23805,"date":"2022-10-28T14:55:04","date_gmt":"2022-10-28T13:55:04","guid":{"rendered":"https:\/\/www.ayuntamientodeharia.com\/haria\/?p=23805"},"modified":"2022-10-28T14:55:04","modified_gmt":"2022-10-28T13:55:04","slug":"la-cultura-del-agua-protagonizara-la-xii-semana-cultural-de-haria","status":"publish","type":"post","link":"https:\/\/www.ayuntamientodeharia.com\/haria\/la-cultura-del-agua-protagonizara-la-xii-semana-cultural-de-haria\/","title":{"rendered":"\u2018La cultura del agua\u2019 protagonizar\u00e1 la XII Semana Cultural de Har\u00eda"},"content":{"rendered":"<p>El Ayuntamiento de Har\u00eda presenta la programaci\u00f3n de la XII edici\u00f3n de la Semana Cultural. Un a\u00f1o m\u00e1s, el Consistorio colabora con la Asociaci\u00f3n de Amigos del Queso y del Vino de Lanzarote y con la Fundaci\u00f3n Jos\u00e9 Clavijo y Fajardo en la organizaci\u00f3n de este evento que tendr\u00e1 como tema principal \u2018la cultura del agua\u2019. Del 31 de octubre al 6 de noviembre, el Centro Sociocultural \u2018La Tegala\u2019 acoger\u00e1 exposiciones, talleres, conferencias y proyecciones, concluyendo con la Fiesta del Aguapata.<\/p>\n<p>La alcaldesa y concejala de Cultura del Ayuntamiento de Har\u00eda, Evelia Garc\u00eda, manifest\u00f3 que \u201cla importancia del agua como recurso escaso en el entorno actual de la Isla es uno de los motivos por los que este se ha decidido convertirlo en el tema principal de nuestra Semana Cultural\u201d.<\/p>\n<p>\u201cLa preocupaci\u00f3n por la falta de lluvias, falta de agua de riego y los problemas que esto ha generado para el sector primario fundamentalmente son algunos de los aspectos a tratar y, gracias a las actividades que se desarrollar\u00e1n durante estos d\u00edas, se perseguir\u00e1 concienciar y dar a conocer sobre todo entre los m\u00e1s j\u00f3venes la cultura del agua\u201d, remarc\u00f3 la alcaldesa.<\/p>\n<p>Todos los d\u00edas del evento habr\u00e1 exposiciones de 9:00 a 13:00 horas y de 16:00 a 19:00 horas de diversas maquetas en torno a la cultura del agua realizadas por el alumnado de Primaria de los colegios del municipio.<\/p>\n<p>Los ni\u00f1os y ni\u00f1as de los colegios de Har\u00eda tambi\u00e9n recibir\u00e1n talleres sobre este tema de la mano de Aurelio P\u00e9rez de la Cruz.<\/p>\n<p>En el mismo horario de las exposiciones, a diario se llevar\u00e1 a cabo la proyecci\u00f3n del recorrido por la historia del agua en Lanzarote.<\/p>\n<p>Adem\u00e1s, el d\u00eda 2 de noviembre, a partir de las 19:00 horas, el licenciado en Historia y gestor de Patrimonio Cultural Jes\u00fas C\u00e1ceres Rodr\u00edguez impartir\u00e1 la conferencia \u2018Maretas, cultura del agua propuesta para su recuperaci\u00f3n\u2019.<\/p>\n<p>Finalmente, el 6 de noviembre, a partir de las 13:00 horas, dar\u00e1 comienzo la Fiesta del Aguapata, con actuaciones musicales, degustaciones de diversos productos locales y comida de confraternidad.<\/p>\n<p>Para asistir a este evento, se requiere inscripci\u00f3n previa antes del 29 de octubre y el pago de 15 euros por persona, mediante ingreso a la cuenta de Caixa Bank\u00a0 ES95- 2100- 5901- 2213-\u00a0 0010- 7146. Se pide a los asistentes vestir ropa tradicional canaria para dar mayor realce a la Semana Cultural. Para m\u00e1s informaci\u00f3n, llamar al m\u00f3vil 616920524 o escribir por WhatsApp al 683622065<\/p>\n","protected":false},"excerpt":{"rendered":"<p>El Ayuntamiento de Har\u00eda presenta la programaci\u00f3n de la XII edici\u00f3n de la Semana Cultural. Un a\u00f1o m\u00e1s, el Consistorio colabora con la Asociaci\u00f3n de Amigos del Queso y del Vino de Lanzarote y con la Fundaci\u00f3n Jos\u00e9 Clavijo y Fajardo en la organizaci\u00f3n de este evento que tendr\u00e1 como tema principal \u2018la cultura del [&hellip;]<\/p>\n","protected":false},"author":13,"featured_media":23806,"comment_status":"closed","ping_status":"closed","sticky":false,"template":"","format":"standard","meta":{"footnotes":""},"categories":[16,425,11],"tags":[],"class_list":["post-23805","post","type-post","status-publish","format-standard","has-post-thumbnail","hentry","category-cultura","category-destacado","category-hoja-de-haria"],"_links":{"self":[{"href":"https:\/\/www.ayuntamientodeharia.com\/haria\/wp-json\/wp\/v2\/posts\/23805","targetHints":{"allow":["GET"]}}],"collection":[{"href":"https:\/\/www.ayuntamientodeharia.com\/haria\/wp-json\/wp\/v2\/posts"}],"about":[{"href":"https:\/\/www.ayuntamientodeharia.com\/haria\/wp-json\/wp\/v2\/types\/post"}],"author":[{"embeddable":true,"href":"https:\/\/www.ayuntamientodeharia.com\/haria\/wp-json\/wp\/v2\/users\/13"}],"replies":[{"embeddable":true,"href":"https:\/\/www.ayuntamientodeharia.com\/haria\/wp-json\/wp\/v2\/comments?post=23805"}],"version-history":[{"count":2,"href":"https:\/\/www.ayuntamientodeharia.com\/haria\/wp-json\/wp\/v2\/posts\/23805\/revisions"}],"predecessor-version":[{"id":23808,"href":"https:\/\/www.ayuntamientodeharia.com\/haria\/wp-json\/wp\/v2\/posts\/23805\/revisions\/23808"}],"wp:featuredmedia":[{"embeddable":true,"href":"https:\/\/www.ayuntamientodeharia.com\/haria\/wp-json\/wp\/v2\/media\/23806"}],"wp:attachment":[{"href":"https:\/\/www.ayuntamientodeharia.com\/haria\/wp-json\/wp\/v2\/media?parent=23805"}],"wp:term":[{"taxonomy":"category","embeddable":true,"href":"https:\/\/www.ayuntamientodeharia.com\/haria\/wp-json\/wp\/v2\/categories?post=23805"},{"taxonomy":"post_tag","embeddable":true,"href":"https:\/\/www.ayuntamientodeharia.com\/haria\/wp-json\/wp\/v2\/tags?post=23805"}],"curies":[{"name":"wp","href":"https:\/\/api.w.org\/{rel}","templated":true}]}}