{"id":23802,"date":"2022-10-28T14:54:08","date_gmt":"2022-10-28T13:54:08","guid":{"rendered":"https:\/\/www.ayuntamientodeharia.com\/haria\/?p=23802"},"modified":"2022-10-28T14:54:08","modified_gmt":"2022-10-28T13:54:08","slug":"finaliza-el-mes-dedicado-a-los-mayores-en-haria","status":"publish","type":"post","link":"https:\/\/www.ayuntamientodeharia.com\/haria\/finaliza-el-mes-dedicado-a-los-mayores-en-haria\/","title":{"rendered":"Finaliza el mes dedicado a los mayores en Har\u00eda"},"content":{"rendered":"<p>Har\u00eda est\u00e1 a punto de poner fin al Mes de los Mayores en Marcha. Este viernes y s\u00e1bado, las personas de la tercera edad disfrutar\u00e1n de las \u00faltimas actividades y del acto de clausura de este evento que ha congregado al colectivo durante m\u00e1s de tres semanas en encuentros, actividades, talleres, espect\u00e1culos y muchas otras sorpresas.<\/p>\n<p>Este viernes, 28 de octubre, el Monumento al Campesino acoger\u00e1 a partir de las 16:00 horas la charla \u2018Seguridad y prevenci\u00f3n en delitos para personas mayores\u2019, impartida por la Guardia Civil.<\/p>\n<p>Por \u00faltimo, el s\u00e1bado, 29 de octubre, a partir de las 20:00 horas, la Plaza de Har\u00eda ser\u00e1 el escenario de la entrega de premios y clausura del proyecto, amenizada por un concierto homenaje a Carlos Gardel, del Grupo Rumores de Milonga y, a continuaci\u00f3n, un concierto de Los Lolas.<\/p>\n","protected":false},"excerpt":{"rendered":"<p>Har\u00eda est\u00e1 a punto de poner fin al Mes de los Mayores en Marcha. Este viernes y s\u00e1bado, las personas de la tercera edad disfrutar\u00e1n de las \u00faltimas actividades y del acto de clausura de este evento que ha congregado al colectivo durante m\u00e1s de tres semanas en encuentros, actividades, talleres, espect\u00e1culos y muchas otras [&hellip;]<\/p>\n","protected":false},"author":13,"featured_media":23803,"comment_status":"closed","ping_status":"closed","sticky":false,"template":"","format":"standard","meta":{"footnotes":""},"categories":[425,11,61],"tags":[],"class_list":["post-23802","post","type-post","status-publish","format-standard","has-post-thumbnail","hentry","category-destacado","category-hoja-de-haria","category-tercera-edad"],"_links":{"self":[{"href":"https:\/\/www.ayuntamientodeharia.com\/haria\/wp-json\/wp\/v2\/posts\/23802","targetHints":{"allow":["GET"]}}],"collection":[{"href":"https:\/\/www.ayuntamientodeharia.com\/haria\/wp-json\/wp\/v2\/posts"}],"about":[{"href":"https:\/\/www.ayuntamientodeharia.com\/haria\/wp-json\/wp\/v2\/types\/post"}],"author":[{"embeddable":true,"href":"https:\/\/www.ayuntamientodeharia.com\/haria\/wp-json\/wp\/v2\/users\/13"}],"replies":[{"embeddable":true,"href":"https:\/\/www.ayuntamientodeharia.com\/haria\/wp-json\/wp\/v2\/comments?post=23802"}],"version-history":[{"count":1,"href":"https:\/\/www.ayuntamientodeharia.com\/haria\/wp-json\/wp\/v2\/posts\/23802\/revisions"}],"predecessor-version":[{"id":23804,"href":"https:\/\/www.ayuntamientodeharia.com\/haria\/wp-json\/wp\/v2\/posts\/23802\/revisions\/23804"}],"wp:featuredmedia":[{"embeddable":true,"href":"https:\/\/www.ayuntamientodeharia.com\/haria\/wp-json\/wp\/v2\/media\/23803"}],"wp:attachment":[{"href":"https:\/\/www.ayuntamientodeharia.com\/haria\/wp-json\/wp\/v2\/media?parent=23802"}],"wp:term":[{"taxonomy":"category","embeddable":true,"href":"https:\/\/www.ayuntamientodeharia.com\/haria\/wp-json\/wp\/v2\/categories?post=23802"},{"taxonomy":"post_tag","embeddable":true,"href":"https:\/\/www.ayuntamientodeharia.com\/haria\/wp-json\/wp\/v2\/tags?post=23802"}],"curies":[{"name":"wp","href":"https:\/\/api.w.org\/{rel}","templated":true}]}}