{"id":23795,"date":"2022-10-28T14:50:55","date_gmt":"2022-10-28T13:50:55","guid":{"rendered":"https:\/\/www.ayuntamientodeharia.com\/haria\/?p=23795"},"modified":"2022-10-28T14:57:09","modified_gmt":"2022-10-28T13:57:09","slug":"el-x-festival-del-cuento-contado-de-lanzarote-palabras-al-vuelo-llega-a-haria","status":"publish","type":"post","link":"https:\/\/www.ayuntamientodeharia.com\/haria\/el-x-festival-del-cuento-contado-de-lanzarote-palabras-al-vuelo-llega-a-haria\/","title":{"rendered":"El X Festival del Cuento Contado de Lanzarote &#8216;Palabras al Vuelo&#8217; llega a Har\u00eda"},"content":{"rendered":"<p>El X Festival del Cuento Contado de Lanzarote comienza este s\u00e1bado, 29 de octubre. Esta iniciativa cultural recorrer\u00e1 localizaciones como la Sala Teatro \u2018La Tegala\u2019, la Casa-Museo Jos\u00e9 Saramago, el CIC El Almac\u00e9n o la Casa de la Cultura Agust\u00edn de la Hoz durante los meses de octubre, noviembre y diciembre.<\/p>\n<p>A lo largo de estos tres meses, Lanzarote acoger\u00e1 a grandes narradoras y narradores del panorama nacional e internacional a trav\u00e9s de espect\u00e1culos, charlas y talleres para todos los p\u00fablicos.<\/p>\n<p>As\u00ed pues, el pr\u00f3ximo 5 de noviembre, a las 20:00 horas, el alicantino F\u00e9lix Albo traer\u00e1 a la Sala Teatro \u2018La Tegala\u2019, de Har\u00eda, la funci\u00f3n \u2018Zumbel\u2019. Las entradas de este \u201cespect\u00e1culo intr\u00e9pido de humor y ternura\u201d estar\u00e1n a la venta en <a href=\"https:\/\/palabrasalvuelo.com\/\">https:\/\/palabrasalvuelo.com\/<\/a> a un precio de cinco euros por persona.<\/p>\n<p><img fetchpriority=\"high\" decoding=\"async\" class=\"alignnone wp-image-23797\" src=\"https:\/\/www.ayuntamientodeharia.com\/haria\/wp-content\/uploads\/2022\/10\/Palabras-al-Vuelo-2-318x450.jpeg\" alt=\"\" width=\"424\" height=\"600\" srcset=\"https:\/\/www.ayuntamientodeharia.com\/haria\/wp-content\/uploads\/2022\/10\/Palabras-al-Vuelo-2-318x450.jpeg 318w, https:\/\/www.ayuntamientodeharia.com\/haria\/wp-content\/uploads\/2022\/10\/Palabras-al-Vuelo-2-79x112.jpeg 79w, https:\/\/www.ayuntamientodeharia.com\/haria\/wp-content\/uploads\/2022\/10\/Palabras-al-Vuelo-2.jpeg 724w\" sizes=\"(max-width: 424px) 100vw, 424px\" \/><\/p>\n","protected":false},"excerpt":{"rendered":"<p>El X Festival del Cuento Contado de Lanzarote comienza este s\u00e1bado, 29 de octubre. Esta iniciativa cultural recorrer\u00e1 localizaciones como la Sala Teatro \u2018La Tegala\u2019, la Casa-Museo Jos\u00e9 Saramago, el CIC El Almac\u00e9n o la Casa de la Cultura Agust\u00edn de la Hoz durante los meses de octubre, noviembre y diciembre. A lo largo de [&hellip;]<\/p>\n","protected":false},"author":13,"featured_media":23796,"comment_status":"closed","ping_status":"closed","sticky":false,"template":"","format":"standard","meta":{"footnotes":""},"categories":[32,16,425,11],"tags":[],"class_list":["post-23795","post","type-post","status-publish","format-standard","has-post-thumbnail","hentry","category-anuncios","category-cultura","category-destacado","category-hoja-de-haria"],"_links":{"self":[{"href":"https:\/\/www.ayuntamientodeharia.com\/haria\/wp-json\/wp\/v2\/posts\/23795","targetHints":{"allow":["GET"]}}],"collection":[{"href":"https:\/\/www.ayuntamientodeharia.com\/haria\/wp-json\/wp\/v2\/posts"}],"about":[{"href":"https:\/\/www.ayuntamientodeharia.com\/haria\/wp-json\/wp\/v2\/types\/post"}],"author":[{"embeddable":true,"href":"https:\/\/www.ayuntamientodeharia.com\/haria\/wp-json\/wp\/v2\/users\/13"}],"replies":[{"embeddable":true,"href":"https:\/\/www.ayuntamientodeharia.com\/haria\/wp-json\/wp\/v2\/comments?post=23795"}],"version-history":[{"count":2,"href":"https:\/\/www.ayuntamientodeharia.com\/haria\/wp-json\/wp\/v2\/posts\/23795\/revisions"}],"predecessor-version":[{"id":23799,"href":"https:\/\/www.ayuntamientodeharia.com\/haria\/wp-json\/wp\/v2\/posts\/23795\/revisions\/23799"}],"wp:featuredmedia":[{"embeddable":true,"href":"https:\/\/www.ayuntamientodeharia.com\/haria\/wp-json\/wp\/v2\/media\/23796"}],"wp:attachment":[{"href":"https:\/\/www.ayuntamientodeharia.com\/haria\/wp-json\/wp\/v2\/media?parent=23795"}],"wp:term":[{"taxonomy":"category","embeddable":true,"href":"https:\/\/www.ayuntamientodeharia.com\/haria\/wp-json\/wp\/v2\/categories?post=23795"},{"taxonomy":"post_tag","embeddable":true,"href":"https:\/\/www.ayuntamientodeharia.com\/haria\/wp-json\/wp\/v2\/tags?post=23795"}],"curies":[{"name":"wp","href":"https:\/\/api.w.org\/{rel}","templated":true}]}}