{"id":23791,"date":"2022-10-28T14:49:40","date_gmt":"2022-10-28T13:49:40","guid":{"rendered":"https:\/\/www.ayuntamientodeharia.com\/haria\/?p=23791"},"modified":"2022-10-28T14:49:40","modified_gmt":"2022-10-28T13:49:40","slug":"20-anos-de-yoga-en-haria","status":"publish","type":"post","link":"https:\/\/www.ayuntamientodeharia.com\/haria\/20-anos-de-yoga-en-haria\/","title":{"rendered":"20 a\u00f1os de Yoga en Har\u00eda"},"content":{"rendered":"<p>Este 2022 se cumplen 20 a\u00f1os desde que el Departamento de Deportes de Har\u00eda comenz\u00f3 a ofertar clases de Yoga en el municipio. En estas dos d\u00e9cadas, el Ayuntamiento ha logrado que cientos de personas se beneficien de esta popular disciplina que promueve la salud, bienestar, relajaci\u00f3n y consciencia a nivel f\u00edsico, mental y emocional.<\/p>\n<p>Aprovechando el vig\u00e9simo aniversario, desde el Consistorio recordamos que las clases se siguen impartiendo en el CSC de Arrieta, de lunes a jueves de 10:00 a 11:30, y en el CSC de Har\u00eda, los martes de 19:00 a 20:30 horas. Las clases son para todos los niveles.<\/p>\n<p>Para m\u00e1s informaci\u00f3n, contactar con la profesora Mar\u00eda Bers\u00edn a trav\u00e9s del tel\u00e9fono 660 375 072.<\/p>\n","protected":false},"excerpt":{"rendered":"<p>Este 2022 se cumplen 20 a\u00f1os desde que el Departamento de Deportes de Har\u00eda comenz\u00f3 a ofertar clases de Yoga en el municipio. En estas dos d\u00e9cadas, el Ayuntamiento ha logrado que cientos de personas se beneficien de esta popular disciplina que promueve la salud, bienestar, relajaci\u00f3n y consciencia a nivel f\u00edsico, mental y emocional. [&hellip;]<\/p>\n","protected":false},"author":13,"featured_media":23792,"comment_status":"closed","ping_status":"closed","sticky":false,"template":"","format":"standard","meta":{"footnotes":""},"categories":[17,11],"tags":[],"class_list":["post-23791","post","type-post","status-publish","format-standard","has-post-thumbnail","hentry","category-deportes","category-hoja-de-haria"],"_links":{"self":[{"href":"https:\/\/www.ayuntamientodeharia.com\/haria\/wp-json\/wp\/v2\/posts\/23791","targetHints":{"allow":["GET"]}}],"collection":[{"href":"https:\/\/www.ayuntamientodeharia.com\/haria\/wp-json\/wp\/v2\/posts"}],"about":[{"href":"https:\/\/www.ayuntamientodeharia.com\/haria\/wp-json\/wp\/v2\/types\/post"}],"author":[{"embeddable":true,"href":"https:\/\/www.ayuntamientodeharia.com\/haria\/wp-json\/wp\/v2\/users\/13"}],"replies":[{"embeddable":true,"href":"https:\/\/www.ayuntamientodeharia.com\/haria\/wp-json\/wp\/v2\/comments?post=23791"}],"version-history":[{"count":2,"href":"https:\/\/www.ayuntamientodeharia.com\/haria\/wp-json\/wp\/v2\/posts\/23791\/revisions"}],"predecessor-version":[{"id":23794,"href":"https:\/\/www.ayuntamientodeharia.com\/haria\/wp-json\/wp\/v2\/posts\/23791\/revisions\/23794"}],"wp:featuredmedia":[{"embeddable":true,"href":"https:\/\/www.ayuntamientodeharia.com\/haria\/wp-json\/wp\/v2\/media\/23792"}],"wp:attachment":[{"href":"https:\/\/www.ayuntamientodeharia.com\/haria\/wp-json\/wp\/v2\/media?parent=23791"}],"wp:term":[{"taxonomy":"category","embeddable":true,"href":"https:\/\/www.ayuntamientodeharia.com\/haria\/wp-json\/wp\/v2\/categories?post=23791"},{"taxonomy":"post_tag","embeddable":true,"href":"https:\/\/www.ayuntamientodeharia.com\/haria\/wp-json\/wp\/v2\/tags?post=23791"}],"curies":[{"name":"wp","href":"https:\/\/api.w.org\/{rel}","templated":true}]}}