{"id":23781,"date":"2022-10-28T14:46:28","date_gmt":"2022-10-28T13:46:28","guid":{"rendered":"https:\/\/www.ayuntamientodeharia.com\/haria\/?p=23781"},"modified":"2022-10-28T14:46:28","modified_gmt":"2022-10-28T13:46:28","slug":"abierto-el-plazo-de-subsanacion-de-la-documentacion-para-las-ayudas-al-transporte-2020-2021","status":"publish","type":"post","link":"https:\/\/www.ayuntamientodeharia.com\/haria\/abierto-el-plazo-de-subsanacion-de-la-documentacion-para-las-ayudas-al-transporte-2020-2021\/","title":{"rendered":"Abierto el plazo de subsanaci\u00f3n de la documentaci\u00f3n para las ayudas al transporte 2020\/2021"},"content":{"rendered":"<p>El Ayuntamiento de Har\u00eda informa que ya se ha abierto el plazo para el requerimiento de subsanaci\u00f3n de la documentaci\u00f3n para las ayudas al transporte correspondientes al curso 2020\/2021.<\/p>\n<p>Las personas que deban aportar alg\u00fan documento o realizar cualquier otra gesti\u00f3n requerida tendr\u00e1n de plazo diez d\u00edas para hacerlo.<\/p>\n","protected":false},"excerpt":{"rendered":"<p>El Ayuntamiento de Har\u00eda informa que ya se ha abierto el plazo para el requerimiento de subsanaci\u00f3n de la documentaci\u00f3n para las ayudas al transporte correspondientes al curso 2020\/2021. Las personas que deban aportar alg\u00fan documento o realizar cualquier otra gesti\u00f3n requerida tendr\u00e1n de plazo diez d\u00edas para hacerlo.<\/p>\n","protected":false},"author":13,"featured_media":23454,"comment_status":"closed","ping_status":"closed","sticky":false,"template":"","format":"standard","meta":{"footnotes":""},"categories":[32,19,11],"tags":[],"class_list":["post-23781","post","type-post","status-publish","format-standard","has-post-thumbnail","hentry","category-anuncios","category-formacion","category-hoja-de-haria"],"_links":{"self":[{"href":"https:\/\/www.ayuntamientodeharia.com\/haria\/wp-json\/wp\/v2\/posts\/23781","targetHints":{"allow":["GET"]}}],"collection":[{"href":"https:\/\/www.ayuntamientodeharia.com\/haria\/wp-json\/wp\/v2\/posts"}],"about":[{"href":"https:\/\/www.ayuntamientodeharia.com\/haria\/wp-json\/wp\/v2\/types\/post"}],"author":[{"embeddable":true,"href":"https:\/\/www.ayuntamientodeharia.com\/haria\/wp-json\/wp\/v2\/users\/13"}],"replies":[{"embeddable":true,"href":"https:\/\/www.ayuntamientodeharia.com\/haria\/wp-json\/wp\/v2\/comments?post=23781"}],"version-history":[{"count":1,"href":"https:\/\/www.ayuntamientodeharia.com\/haria\/wp-json\/wp\/v2\/posts\/23781\/revisions"}],"predecessor-version":[{"id":23782,"href":"https:\/\/www.ayuntamientodeharia.com\/haria\/wp-json\/wp\/v2\/posts\/23781\/revisions\/23782"}],"wp:featuredmedia":[{"embeddable":true,"href":"https:\/\/www.ayuntamientodeharia.com\/haria\/wp-json\/wp\/v2\/media\/23454"}],"wp:attachment":[{"href":"https:\/\/www.ayuntamientodeharia.com\/haria\/wp-json\/wp\/v2\/media?parent=23781"}],"wp:term":[{"taxonomy":"category","embeddable":true,"href":"https:\/\/www.ayuntamientodeharia.com\/haria\/wp-json\/wp\/v2\/categories?post=23781"},{"taxonomy":"post_tag","embeddable":true,"href":"https:\/\/www.ayuntamientodeharia.com\/haria\/wp-json\/wp\/v2\/tags?post=23781"}],"curies":[{"name":"wp","href":"https:\/\/api.w.org\/{rel}","templated":true}]}}