{"id":23740,"date":"2022-10-21T15:19:54","date_gmt":"2022-10-21T14:19:54","guid":{"rendered":"https:\/\/www.ayuntamientodeharia.com\/haria\/?p=23740"},"modified":"2022-10-21T15:19:54","modified_gmt":"2022-10-21T14:19:54","slug":"el-escritor-iban-bermudez-presenta-en-haria-su-nueva-obra-cuando-abrace-la-vida","status":"publish","type":"post","link":"https:\/\/www.ayuntamientodeharia.com\/haria\/el-escritor-iban-bermudez-presenta-en-haria-su-nueva-obra-cuando-abrace-la-vida\/","title":{"rendered":"El escritor Ib\u00e1n Berm\u00fadez presenta en Har\u00eda su nueva obra, \u2018Cuando abrac\u00e9 la vida\u2019"},"content":{"rendered":"<p>El escritor lanzarote\u00f1o Ib\u00e1n Berm\u00fadez presentar\u00e1 el pr\u00f3ximo 29 de octubre en Har\u00eda su nueva obra, \u2018Cuando abrac\u00e9 la vida\u2019.<\/p>\n<p>El acto tendr\u00e1 lugar a las 12:00 horas, en la Sala de Exposiciones \u2018El Aljibe\u2019, donde el autor dar\u00e1 a conocer su libro m\u00e1s reciente, as\u00ed como dos de sus t\u00edtulos m\u00e1s destacados en primicia en el municipio norte\u00f1o, \u2018Y de repente\u2026\u00a1Boom!\u2019 y \u2018Y de repente\u2026Yo\u2019.<\/p>\n<p>\u2018Cuando abrac\u00e9 la vida\u2019 es \u201cun fascinante libro que no solo aporta la lectura de una gran experiencia biogr\u00e1fica, sino que adem\u00e1s es una valiosa invitaci\u00f3n a inspirar tu vida y transformarla\u201d.<\/p>\n<p>Ib\u00e1n Berm\u00fadez,\u00a0adem\u00e1s de presentar en Har\u00eda su \u00faltima novela, charlar\u00e1 tambi\u00e9n sobre su historia como escritor mostrando sus otros libros.<\/p>\n","protected":false},"excerpt":{"rendered":"<p>El escritor lanzarote\u00f1o Ib\u00e1n Berm\u00fadez presentar\u00e1 el pr\u00f3ximo 29 de octubre en Har\u00eda su nueva obra, \u2018Cuando abrac\u00e9 la vida\u2019. El acto tendr\u00e1 lugar a las 12:00 horas, en la Sala de Exposiciones \u2018El Aljibe\u2019, donde el autor dar\u00e1 a conocer su libro m\u00e1s reciente, as\u00ed como dos de sus t\u00edtulos m\u00e1s destacados en primicia [&hellip;]<\/p>\n","protected":false},"author":13,"featured_media":23741,"comment_status":"closed","ping_status":"closed","sticky":false,"template":"","format":"standard","meta":{"footnotes":""},"categories":[32,16,11],"tags":[],"class_list":["post-23740","post","type-post","status-publish","format-standard","has-post-thumbnail","hentry","category-anuncios","category-cultura","category-hoja-de-haria"],"_links":{"self":[{"href":"https:\/\/www.ayuntamientodeharia.com\/haria\/wp-json\/wp\/v2\/posts\/23740","targetHints":{"allow":["GET"]}}],"collection":[{"href":"https:\/\/www.ayuntamientodeharia.com\/haria\/wp-json\/wp\/v2\/posts"}],"about":[{"href":"https:\/\/www.ayuntamientodeharia.com\/haria\/wp-json\/wp\/v2\/types\/post"}],"author":[{"embeddable":true,"href":"https:\/\/www.ayuntamientodeharia.com\/haria\/wp-json\/wp\/v2\/users\/13"}],"replies":[{"embeddable":true,"href":"https:\/\/www.ayuntamientodeharia.com\/haria\/wp-json\/wp\/v2\/comments?post=23740"}],"version-history":[{"count":2,"href":"https:\/\/www.ayuntamientodeharia.com\/haria\/wp-json\/wp\/v2\/posts\/23740\/revisions"}],"predecessor-version":[{"id":23743,"href":"https:\/\/www.ayuntamientodeharia.com\/haria\/wp-json\/wp\/v2\/posts\/23740\/revisions\/23743"}],"wp:featuredmedia":[{"embeddable":true,"href":"https:\/\/www.ayuntamientodeharia.com\/haria\/wp-json\/wp\/v2\/media\/23741"}],"wp:attachment":[{"href":"https:\/\/www.ayuntamientodeharia.com\/haria\/wp-json\/wp\/v2\/media?parent=23740"}],"wp:term":[{"taxonomy":"category","embeddable":true,"href":"https:\/\/www.ayuntamientodeharia.com\/haria\/wp-json\/wp\/v2\/categories?post=23740"},{"taxonomy":"post_tag","embeddable":true,"href":"https:\/\/www.ayuntamientodeharia.com\/haria\/wp-json\/wp\/v2\/tags?post=23740"}],"curies":[{"name":"wp","href":"https:\/\/api.w.org\/{rel}","templated":true}]}}