{"id":23726,"date":"2022-10-14T15:12:20","date_gmt":"2022-10-14T14:12:20","guid":{"rendered":"https:\/\/www.ayuntamientodeharia.com\/haria\/?p=23726"},"modified":"2022-10-14T15:12:20","modified_gmt":"2022-10-14T14:12:20","slug":"haria-acogera-la-tercera-edicion-del-festival-de-teatro-de-titeres-harionetas","status":"publish","type":"post","link":"https:\/\/www.ayuntamientodeharia.com\/haria\/haria-acogera-la-tercera-edicion-del-festival-de-teatro-de-titeres-harionetas\/","title":{"rendered":"Har\u00eda acoger\u00e1 la tercera edici\u00f3n del Festival de Teatro de T\u00edteres \u2018Harionetas\u2019"},"content":{"rendered":"<p>Har\u00eda celebrar\u00e1 del 17 al 23 de octubre la tercera edici\u00f3n del Festival de Teatro de T\u00edteres \u2018Harionetas\u2019, un proyecto que incluye un amplio programa de actividades educativas y de ocio. Organizado por el Ayuntamiento, cuenta con la colaboraci\u00f3n de la Consejer\u00eda de Cultura del Cabildo de Lanzarote y el Instituto Canario de Desarrollo Cultural del Gobierno de Canarias.<\/p>\n<p>La alcaldesa y responsable de Cultura del Ayuntamiento de Har\u00eda, Evelia Garc\u00eda, dio a conocer junto al consejero insular de Cultura, Alberto Aguiar, el programa de este evento que \u201cbuscar\u00e1 un a\u00f1o m\u00e1s acercar las artes esc\u00e9nicas a los m\u00e1s peque\u00f1os y enredarlos entre hilos y cultura\u201d.<\/p>\n<p>La regidora expres\u00f3 su satisfacci\u00f3n \u201cpor acoger de nuevo esta iniciativa tan m\u00e1gica y atractiva para los m\u00e1s peque\u00f1os y sus familias\u201d e invit\u00f3 a la ciudadan\u00eda a disfrutar de las m\u00faltiples representaciones que tendr\u00e1n lugar en el municipio.<\/p>\n<p>La programaci\u00f3n comenzar\u00e1 el lunes, 17 de octubre, en las aulas de los colegios de Har\u00eda con talleres de creaci\u00f3n de marionetas, que se extender\u00e1n durante tres d\u00edas. A partir del 20 de octubre, dar\u00e1n comienzo las actuaciones y representaciones teatrales en la Sala Teatro \u2018La Tegala\u2019, poniendo fin a las festividades el domingo 23 de octubre.<\/p>\n<p>Todas las entradas para las actividades organizadas se podr\u00e1n adquirir en la p\u00e1gina web del \u00c1rea de Cultura del Ayuntamiento, <a href=\"https:\/\/culturedharia.com\/harionetas\/\">https:\/\/culturedharia.com\/harionetas\/<\/a>.<\/p>\n","protected":false},"excerpt":{"rendered":"<p>Har\u00eda celebrar\u00e1 del 17 al 23 de octubre la tercera edici\u00f3n del Festival de Teatro de T\u00edteres \u2018Harionetas\u2019, un proyecto que incluye un amplio programa de actividades educativas y de ocio. Organizado por el Ayuntamiento, cuenta con la colaboraci\u00f3n de la Consejer\u00eda de Cultura del Cabildo de Lanzarote y el Instituto Canario de Desarrollo Cultural [&hellip;]<\/p>\n","protected":false},"author":13,"featured_media":23727,"comment_status":"closed","ping_status":"closed","sticky":false,"template":"","format":"standard","meta":{"footnotes":""},"categories":[16,425,11],"tags":[],"class_list":["post-23726","post","type-post","status-publish","format-standard","has-post-thumbnail","hentry","category-cultura","category-destacado","category-hoja-de-haria"],"_links":{"self":[{"href":"https:\/\/www.ayuntamientodeharia.com\/haria\/wp-json\/wp\/v2\/posts\/23726","targetHints":{"allow":["GET"]}}],"collection":[{"href":"https:\/\/www.ayuntamientodeharia.com\/haria\/wp-json\/wp\/v2\/posts"}],"about":[{"href":"https:\/\/www.ayuntamientodeharia.com\/haria\/wp-json\/wp\/v2\/types\/post"}],"author":[{"embeddable":true,"href":"https:\/\/www.ayuntamientodeharia.com\/haria\/wp-json\/wp\/v2\/users\/13"}],"replies":[{"embeddable":true,"href":"https:\/\/www.ayuntamientodeharia.com\/haria\/wp-json\/wp\/v2\/comments?post=23726"}],"version-history":[{"count":2,"href":"https:\/\/www.ayuntamientodeharia.com\/haria\/wp-json\/wp\/v2\/posts\/23726\/revisions"}],"predecessor-version":[{"id":23729,"href":"https:\/\/www.ayuntamientodeharia.com\/haria\/wp-json\/wp\/v2\/posts\/23726\/revisions\/23729"}],"wp:featuredmedia":[{"embeddable":true,"href":"https:\/\/www.ayuntamientodeharia.com\/haria\/wp-json\/wp\/v2\/media\/23727"}],"wp:attachment":[{"href":"https:\/\/www.ayuntamientodeharia.com\/haria\/wp-json\/wp\/v2\/media?parent=23726"}],"wp:term":[{"taxonomy":"category","embeddable":true,"href":"https:\/\/www.ayuntamientodeharia.com\/haria\/wp-json\/wp\/v2\/categories?post=23726"},{"taxonomy":"post_tag","embeddable":true,"href":"https:\/\/www.ayuntamientodeharia.com\/haria\/wp-json\/wp\/v2\/tags?post=23726"}],"curies":[{"name":"wp","href":"https:\/\/api.w.org\/{rel}","templated":true}]}}