{"id":23719,"date":"2022-10-14T15:09:09","date_gmt":"2022-10-14T14:09:09","guid":{"rendered":"https:\/\/www.ayuntamientodeharia.com\/haria\/?p=23719"},"modified":"2022-10-14T15:09:09","modified_gmt":"2022-10-14T14:09:09","slug":"la-artista-tamara-jerez-rinde-tributo-a-rocio-jurado-en-haria","status":"publish","type":"post","link":"https:\/\/www.ayuntamientodeharia.com\/haria\/la-artista-tamara-jerez-rinde-tributo-a-rocio-jurado-en-haria\/","title":{"rendered":"La artista Tamara Jerez rinde tributo a Roc\u00edo Jurado en Har\u00eda"},"content":{"rendered":"<p>La artista malague\u00f1a Tamara Jerez traer\u00e1 a la memoria de los mayores de Har\u00eda a la gran cantante Roc\u00edo Jurado. Jerez rendir\u00e1 tributo a Jurado en una actuaci\u00f3n que tendr\u00e1 lugar este s\u00e1bado, 15 de octubre, a las 19:30 horas, en la Plaza de Har\u00eda.<\/p>\n<p>La cantante andaluza ha llevado su amor por la m\u00fasica y el repertorio de la gran int\u00e9rprete espa\u00f1ola por todo el pa\u00eds y la poblaci\u00f3n del municipio podr\u00e1 disfrutar de todo ello en esta actuaci\u00f3n organizada por el Ayuntamiento. El concierto ser\u00e1 gratuito y se enmarca en las iniciativas del Mes de los Mayores en Marcha de Har\u00eda.<\/p>\n","protected":false},"excerpt":{"rendered":"<p>La artista malague\u00f1a Tamara Jerez traer\u00e1 a la memoria de los mayores de Har\u00eda a la gran cantante Roc\u00edo Jurado. Jerez rendir\u00e1 tributo a Jurado en una actuaci\u00f3n que tendr\u00e1 lugar este s\u00e1bado, 15 de octubre, a las 19:30 horas, en la Plaza de Har\u00eda. La cantante andaluza ha llevado su amor por la m\u00fasica [&hellip;]<\/p>\n","protected":false},"author":13,"featured_media":23720,"comment_status":"closed","ping_status":"closed","sticky":false,"template":"","format":"standard","meta":{"footnotes":""},"categories":[425,11,61],"tags":[],"class_list":["post-23719","post","type-post","status-publish","format-standard","has-post-thumbnail","hentry","category-destacado","category-hoja-de-haria","category-tercera-edad"],"_links":{"self":[{"href":"https:\/\/www.ayuntamientodeharia.com\/haria\/wp-json\/wp\/v2\/posts\/23719","targetHints":{"allow":["GET"]}}],"collection":[{"href":"https:\/\/www.ayuntamientodeharia.com\/haria\/wp-json\/wp\/v2\/posts"}],"about":[{"href":"https:\/\/www.ayuntamientodeharia.com\/haria\/wp-json\/wp\/v2\/types\/post"}],"author":[{"embeddable":true,"href":"https:\/\/www.ayuntamientodeharia.com\/haria\/wp-json\/wp\/v2\/users\/13"}],"replies":[{"embeddable":true,"href":"https:\/\/www.ayuntamientodeharia.com\/haria\/wp-json\/wp\/v2\/comments?post=23719"}],"version-history":[{"count":2,"href":"https:\/\/www.ayuntamientodeharia.com\/haria\/wp-json\/wp\/v2\/posts\/23719\/revisions"}],"predecessor-version":[{"id":23722,"href":"https:\/\/www.ayuntamientodeharia.com\/haria\/wp-json\/wp\/v2\/posts\/23719\/revisions\/23722"}],"wp:featuredmedia":[{"embeddable":true,"href":"https:\/\/www.ayuntamientodeharia.com\/haria\/wp-json\/wp\/v2\/media\/23720"}],"wp:attachment":[{"href":"https:\/\/www.ayuntamientodeharia.com\/haria\/wp-json\/wp\/v2\/media?parent=23719"}],"wp:term":[{"taxonomy":"category","embeddable":true,"href":"https:\/\/www.ayuntamientodeharia.com\/haria\/wp-json\/wp\/v2\/categories?post=23719"},{"taxonomy":"post_tag","embeddable":true,"href":"https:\/\/www.ayuntamientodeharia.com\/haria\/wp-json\/wp\/v2\/tags?post=23719"}],"curies":[{"name":"wp","href":"https:\/\/api.w.org\/{rel}","templated":true}]}}