{"id":23714,"date":"2022-10-14T15:07:13","date_gmt":"2022-10-14T14:07:13","guid":{"rendered":"https:\/\/www.ayuntamientodeharia.com\/haria\/?p=23714"},"modified":"2022-10-14T15:07:13","modified_gmt":"2022-10-14T14:07:13","slug":"comienzan-los-talleres-de-telar-de-pared-y-de-aplicacion-de-la-cochinilla-de-la-asociacion-milana","status":"publish","type":"post","link":"https:\/\/www.ayuntamientodeharia.com\/haria\/comienzan-los-talleres-de-telar-de-pared-y-de-aplicacion-de-la-cochinilla-de-la-asociacion-milana\/","title":{"rendered":"Comienzan los talleres de Telar de Pared y de Aplicaci\u00f3n de la Cochinilla de la Asociaci\u00f3n Milana"},"content":{"rendered":"<p>La Asociaci\u00f3n Milana informa que el pr\u00f3ximo lunes, 17 de octubre, comenzar\u00e1n los talleres de Telar de Pared y de Aplicaci\u00f3n de la Cochinilla. Estos se extender\u00e1n hasta el 15 de junio del 2023 y se realizar\u00e1n los lunes, de 9:00 a 11:00 y 11:30 a 13:30 horas, respectivamente.<\/p>\n<p>Estos talleres se realizar\u00e1n a trav\u00e9s del Convenio de Colaboraci\u00f3n que la Asociaci\u00f3n Milana tiene con el Servicio Canario de Empleo. Para m\u00e1s informaci\u00f3n e inscripci\u00f3n, llamar al 928529328 o escribir al correo\u00a0<a href=\"mailto:asocmilana@gmail.com\">asocmilana@gmail.com<\/a>.<\/p>\n","protected":false},"excerpt":{"rendered":"<p>La Asociaci\u00f3n Milana informa que el pr\u00f3ximo lunes, 17 de octubre, comenzar\u00e1n los talleres de Telar de Pared y de Aplicaci\u00f3n de la Cochinilla. Estos se extender\u00e1n hasta el 15 de junio del 2023 y se realizar\u00e1n los lunes, de 9:00 a 11:00 y 11:30 a 13:30 horas, respectivamente. Estos talleres se realizar\u00e1n a trav\u00e9s [&hellip;]<\/p>\n","protected":false},"author":13,"featured_media":21769,"comment_status":"closed","ping_status":"closed","sticky":false,"template":"","format":"standard","meta":{"footnotes":""},"categories":[32,11],"tags":[],"class_list":["post-23714","post","type-post","status-publish","format-standard","has-post-thumbnail","hentry","category-anuncios","category-hoja-de-haria"],"_links":{"self":[{"href":"https:\/\/www.ayuntamientodeharia.com\/haria\/wp-json\/wp\/v2\/posts\/23714","targetHints":{"allow":["GET"]}}],"collection":[{"href":"https:\/\/www.ayuntamientodeharia.com\/haria\/wp-json\/wp\/v2\/posts"}],"about":[{"href":"https:\/\/www.ayuntamientodeharia.com\/haria\/wp-json\/wp\/v2\/types\/post"}],"author":[{"embeddable":true,"href":"https:\/\/www.ayuntamientodeharia.com\/haria\/wp-json\/wp\/v2\/users\/13"}],"replies":[{"embeddable":true,"href":"https:\/\/www.ayuntamientodeharia.com\/haria\/wp-json\/wp\/v2\/comments?post=23714"}],"version-history":[{"count":1,"href":"https:\/\/www.ayuntamientodeharia.com\/haria\/wp-json\/wp\/v2\/posts\/23714\/revisions"}],"predecessor-version":[{"id":23715,"href":"https:\/\/www.ayuntamientodeharia.com\/haria\/wp-json\/wp\/v2\/posts\/23714\/revisions\/23715"}],"wp:featuredmedia":[{"embeddable":true,"href":"https:\/\/www.ayuntamientodeharia.com\/haria\/wp-json\/wp\/v2\/media\/21769"}],"wp:attachment":[{"href":"https:\/\/www.ayuntamientodeharia.com\/haria\/wp-json\/wp\/v2\/media?parent=23714"}],"wp:term":[{"taxonomy":"category","embeddable":true,"href":"https:\/\/www.ayuntamientodeharia.com\/haria\/wp-json\/wp\/v2\/categories?post=23714"},{"taxonomy":"post_tag","embeddable":true,"href":"https:\/\/www.ayuntamientodeharia.com\/haria\/wp-json\/wp\/v2\/tags?post=23714"}],"curies":[{"name":"wp","href":"https:\/\/api.w.org\/{rel}","templated":true}]}}