{"id":23708,"date":"2022-10-07T15:35:45","date_gmt":"2022-10-07T14:35:45","guid":{"rendered":"https:\/\/www.ayuntamientodeharia.com\/haria\/?p=23708"},"modified":"2022-10-07T15:35:45","modified_gmt":"2022-10-07T14:35:45","slug":"ayuntamiento-y-cabildo-de-lanzarote-estudian-formulas-para-acabar-con-las-colas-en-la-cueva-de-los-verdes","status":"publish","type":"post","link":"https:\/\/www.ayuntamientodeharia.com\/haria\/ayuntamiento-y-cabildo-de-lanzarote-estudian-formulas-para-acabar-con-las-colas-en-la-cueva-de-los-verdes\/","title":{"rendered":"Ayuntamiento y Cabildo de Lanzarote estudian f\u00f3rmulas para acabar con las colas en la Cueva de Los Verdes"},"content":{"rendered":"<p>El Ayuntamiento de Har\u00eda y el Cabildo de Lanzarote estudian f\u00f3rmulas para acabar con las colas en la Cueva de Los Verdes.<\/p>\n<p>En una reuni\u00f3n mantenida por la alcaldesa, Evelia Garc\u00eda, y el primer teniente de alcalde, Jos\u00e9 Torres Stinga, con los consejeros Benjam\u00edn Perdomo y Alfredo Mendoza, y representantes de la DGT, valoraron modificar el tr\u00e1fico en la LZ 205 para atajar este problema, tal como se hizo durante la experiencia piloto puesta en marcha en agosto.<\/p>\n<p>La alcaldesa indic\u00f3 que dicha experiencia fue satisfactoria y sus resultados invitan a las instituciones a trabajar para implantar estas alternativas en temporadas de gran afluencia como navidades, Semana Santa o veranos.<\/p>\n","protected":false},"excerpt":{"rendered":"<p>El Ayuntamiento de Har\u00eda y el Cabildo de Lanzarote estudian f\u00f3rmulas para acabar con las colas en la Cueva de Los Verdes. En una reuni\u00f3n mantenida por la alcaldesa, Evelia Garc\u00eda, y el primer teniente de alcalde, Jos\u00e9 Torres Stinga, con los consejeros Benjam\u00edn Perdomo y Alfredo Mendoza, y representantes de la DGT, valoraron modificar [&hellip;]<\/p>\n","protected":false},"author":13,"featured_media":23709,"comment_status":"closed","ping_status":"closed","sticky":false,"template":"","format":"standard","meta":{"footnotes":""},"categories":[73,425,11],"tags":[],"class_list":["post-23708","post","type-post","status-publish","format-standard","has-post-thumbnail","hentry","category-alcaldia","category-destacado","category-hoja-de-haria"],"_links":{"self":[{"href":"https:\/\/www.ayuntamientodeharia.com\/haria\/wp-json\/wp\/v2\/posts\/23708","targetHints":{"allow":["GET"]}}],"collection":[{"href":"https:\/\/www.ayuntamientodeharia.com\/haria\/wp-json\/wp\/v2\/posts"}],"about":[{"href":"https:\/\/www.ayuntamientodeharia.com\/haria\/wp-json\/wp\/v2\/types\/post"}],"author":[{"embeddable":true,"href":"https:\/\/www.ayuntamientodeharia.com\/haria\/wp-json\/wp\/v2\/users\/13"}],"replies":[{"embeddable":true,"href":"https:\/\/www.ayuntamientodeharia.com\/haria\/wp-json\/wp\/v2\/comments?post=23708"}],"version-history":[{"count":2,"href":"https:\/\/www.ayuntamientodeharia.com\/haria\/wp-json\/wp\/v2\/posts\/23708\/revisions"}],"predecessor-version":[{"id":23711,"href":"https:\/\/www.ayuntamientodeharia.com\/haria\/wp-json\/wp\/v2\/posts\/23708\/revisions\/23711"}],"wp:featuredmedia":[{"embeddable":true,"href":"https:\/\/www.ayuntamientodeharia.com\/haria\/wp-json\/wp\/v2\/media\/23709"}],"wp:attachment":[{"href":"https:\/\/www.ayuntamientodeharia.com\/haria\/wp-json\/wp\/v2\/media?parent=23708"}],"wp:term":[{"taxonomy":"category","embeddable":true,"href":"https:\/\/www.ayuntamientodeharia.com\/haria\/wp-json\/wp\/v2\/categories?post=23708"},{"taxonomy":"post_tag","embeddable":true,"href":"https:\/\/www.ayuntamientodeharia.com\/haria\/wp-json\/wp\/v2\/tags?post=23708"}],"curies":[{"name":"wp","href":"https:\/\/api.w.org\/{rel}","templated":true}]}}