{"id":23705,"date":"2022-10-07T15:34:45","date_gmt":"2022-10-07T14:34:45","guid":{"rendered":"https:\/\/www.ayuntamientodeharia.com\/haria\/?p=23705"},"modified":"2022-10-07T15:34:45","modified_gmt":"2022-10-07T14:34:45","slug":"piedrapomez-y-panchita-y-servando-en-la-noche-de-humor-de-la-plaza-de-haria","status":"publish","type":"post","link":"https:\/\/www.ayuntamientodeharia.com\/haria\/piedrapomez-y-panchita-y-servando-en-la-noche-de-humor-de-la-plaza-de-haria\/","title":{"rendered":"Piedrap\u00f3mez y Panchita y Servando, en la noche de humor de la Plaza de Har\u00eda"},"content":{"rendered":"<p>El Ayuntamiento de Har\u00eda invita a la poblaci\u00f3n del municipio a disfrutar de los espect\u00e1culos de &#8216;Piedrap\u00f3mez&#8217; y Panchita y Servando en la noche de humor de la Plaza de Har\u00eda. Ambas actuaciones tendr\u00e1n lugar en la Plaza del pueblo este s\u00e1bado, 8 de octubre, a partir de las 20:00 horas. La asistencia ser\u00e1 gratuita para todos y todas. La guagua para acudir a la funci\u00f3n saldr\u00e1 de Mala a las 18:45 horas y regresa al finalizar el espect\u00e1culo.<\/p>\n<p>Estas actuaciones se enmarcan en las actividades organizadas por el Ayuntamiento dentro del Mes de los Mayores en Marcha.<\/p>\n","protected":false},"excerpt":{"rendered":"<p>El Ayuntamiento de Har\u00eda invita a la poblaci\u00f3n del municipio a disfrutar de los espect\u00e1culos de &#8216;Piedrap\u00f3mez&#8217; y Panchita y Servando en la noche de humor de la Plaza de Har\u00eda. Ambas actuaciones tendr\u00e1n lugar en la Plaza del pueblo este s\u00e1bado, 8 de octubre, a partir de las 20:00 horas. La asistencia ser\u00e1 gratuita [&hellip;]<\/p>\n","protected":false},"author":13,"featured_media":23706,"comment_status":"closed","ping_status":"closed","sticky":false,"template":"","format":"standard","meta":{"footnotes":""},"categories":[32,425,11,61],"tags":[],"class_list":["post-23705","post","type-post","status-publish","format-standard","has-post-thumbnail","hentry","category-anuncios","category-destacado","category-hoja-de-haria","category-tercera-edad"],"_links":{"self":[{"href":"https:\/\/www.ayuntamientodeharia.com\/haria\/wp-json\/wp\/v2\/posts\/23705","targetHints":{"allow":["GET"]}}],"collection":[{"href":"https:\/\/www.ayuntamientodeharia.com\/haria\/wp-json\/wp\/v2\/posts"}],"about":[{"href":"https:\/\/www.ayuntamientodeharia.com\/haria\/wp-json\/wp\/v2\/types\/post"}],"author":[{"embeddable":true,"href":"https:\/\/www.ayuntamientodeharia.com\/haria\/wp-json\/wp\/v2\/users\/13"}],"replies":[{"embeddable":true,"href":"https:\/\/www.ayuntamientodeharia.com\/haria\/wp-json\/wp\/v2\/comments?post=23705"}],"version-history":[{"count":1,"href":"https:\/\/www.ayuntamientodeharia.com\/haria\/wp-json\/wp\/v2\/posts\/23705\/revisions"}],"predecessor-version":[{"id":23707,"href":"https:\/\/www.ayuntamientodeharia.com\/haria\/wp-json\/wp\/v2\/posts\/23705\/revisions\/23707"}],"wp:featuredmedia":[{"embeddable":true,"href":"https:\/\/www.ayuntamientodeharia.com\/haria\/wp-json\/wp\/v2\/media\/23706"}],"wp:attachment":[{"href":"https:\/\/www.ayuntamientodeharia.com\/haria\/wp-json\/wp\/v2\/media?parent=23705"}],"wp:term":[{"taxonomy":"category","embeddable":true,"href":"https:\/\/www.ayuntamientodeharia.com\/haria\/wp-json\/wp\/v2\/categories?post=23705"},{"taxonomy":"post_tag","embeddable":true,"href":"https:\/\/www.ayuntamientodeharia.com\/haria\/wp-json\/wp\/v2\/tags?post=23705"}],"curies":[{"name":"wp","href":"https:\/\/api.w.org\/{rel}","templated":true}]}}