{"id":23699,"date":"2022-10-07T15:31:00","date_gmt":"2022-10-07T14:31:00","guid":{"rendered":"https:\/\/www.ayuntamientodeharia.com\/haria\/?p=23699"},"modified":"2022-10-07T15:31:00","modified_gmt":"2022-10-07T14:31:00","slug":"la-compania-timaginas-teatro-trae-dos-de-sus-obras-mas-representativas-a-haria","status":"publish","type":"post","link":"https:\/\/www.ayuntamientodeharia.com\/haria\/la-compania-timaginas-teatro-trae-dos-de-sus-obras-mas-representativas-a-haria\/","title":{"rendered":"La compa\u00f1\u00eda Timaginas Teatro trae dos de sus obras m\u00e1s representativas a Har\u00eda"},"content":{"rendered":"<p>La compa\u00f1\u00eda Timaginas Teatro traer\u00e1 a Har\u00eda dos de sus obras m\u00e1s representativas a nivel nacional. La Plaza de Har\u00eda acoger\u00e1 el 14 de octubre, a las 20:00 horas, la obra &#8216;La farsa del siglo de oro&#8217;.<\/p>\n<p>Esta ser\u00e1 gratuita y para todos los p\u00fablicos. Aparte de esta funci\u00f3n nocturna, a las 11:00 horas habr\u00e1 una funci\u00f3n escolar de esta misma obra.<\/p>\n<p>Por otra parte, el pr\u00f3ximo 16 de octubre, a partir de las 18:00 horas, interpretar\u00e1n la famosa obra &#8216;Magallanes Elcano. La primera vuelta al mundo&#8217;. Esta actuaci\u00f3n tendr\u00e1 lugar en la Plaza de Har\u00eda y ser\u00e1 gratuita y para todos los p\u00fablicos.<\/p>\n<p>La dramaturgia es de la autor\u00eda de Armando Jerez, mientras que la banda sonora original es obra de Jes\u00fas Mart\u00edn Fern\u00e1ndez. Ambas piezas se enmarcan en las actividades organizadas por el Ayuntamiento dentro del Mes de los Mayores en Marcha.<\/p>\n","protected":false},"excerpt":{"rendered":"<p>La compa\u00f1\u00eda Timaginas Teatro traer\u00e1 a Har\u00eda dos de sus obras m\u00e1s representativas a nivel nacional. La Plaza de Har\u00eda acoger\u00e1 el 14 de octubre, a las 20:00 horas, la obra &#8216;La farsa del siglo de oro&#8217;. Esta ser\u00e1 gratuita y para todos los p\u00fablicos. Aparte de esta funci\u00f3n nocturna, a las 11:00 horas habr\u00e1 [&hellip;]<\/p>\n","protected":false},"author":13,"featured_media":23700,"comment_status":"closed","ping_status":"closed","sticky":false,"template":"","format":"standard","meta":{"footnotes":""},"categories":[32,425,11,61],"tags":[],"class_list":["post-23699","post","type-post","status-publish","format-standard","has-post-thumbnail","hentry","category-anuncios","category-destacado","category-hoja-de-haria","category-tercera-edad"],"_links":{"self":[{"href":"https:\/\/www.ayuntamientodeharia.com\/haria\/wp-json\/wp\/v2\/posts\/23699","targetHints":{"allow":["GET"]}}],"collection":[{"href":"https:\/\/www.ayuntamientodeharia.com\/haria\/wp-json\/wp\/v2\/posts"}],"about":[{"href":"https:\/\/www.ayuntamientodeharia.com\/haria\/wp-json\/wp\/v2\/types\/post"}],"author":[{"embeddable":true,"href":"https:\/\/www.ayuntamientodeharia.com\/haria\/wp-json\/wp\/v2\/users\/13"}],"replies":[{"embeddable":true,"href":"https:\/\/www.ayuntamientodeharia.com\/haria\/wp-json\/wp\/v2\/comments?post=23699"}],"version-history":[{"count":1,"href":"https:\/\/www.ayuntamientodeharia.com\/haria\/wp-json\/wp\/v2\/posts\/23699\/revisions"}],"predecessor-version":[{"id":23701,"href":"https:\/\/www.ayuntamientodeharia.com\/haria\/wp-json\/wp\/v2\/posts\/23699\/revisions\/23701"}],"wp:featuredmedia":[{"embeddable":true,"href":"https:\/\/www.ayuntamientodeharia.com\/haria\/wp-json\/wp\/v2\/media\/23700"}],"wp:attachment":[{"href":"https:\/\/www.ayuntamientodeharia.com\/haria\/wp-json\/wp\/v2\/media?parent=23699"}],"wp:term":[{"taxonomy":"category","embeddable":true,"href":"https:\/\/www.ayuntamientodeharia.com\/haria\/wp-json\/wp\/v2\/categories?post=23699"},{"taxonomy":"post_tag","embeddable":true,"href":"https:\/\/www.ayuntamientodeharia.com\/haria\/wp-json\/wp\/v2\/tags?post=23699"}],"curies":[{"name":"wp","href":"https:\/\/api.w.org\/{rel}","templated":true}]}}