{"id":23692,"date":"2022-10-07T15:26:25","date_gmt":"2022-10-07T14:26:25","guid":{"rendered":"https:\/\/www.ayuntamientodeharia.com\/haria\/?p=23692"},"modified":"2022-10-07T15:26:25","modified_gmt":"2022-10-07T14:26:25","slug":"el-ayuntamiento-felicita-al-miembro-del-club-haria-trail-team-jesus-maria-por-su-participacion-en-la-maraton-salomon-ultra-pirineu","status":"publish","type":"post","link":"https:\/\/www.ayuntamientodeharia.com\/haria\/el-ayuntamiento-felicita-al-miembro-del-club-haria-trail-team-jesus-maria-por-su-participacion-en-la-maraton-salomon-ultra-pirineu\/","title":{"rendered":"El Ayuntamiento felicita al miembro del club Har\u00eda Trail Team Jes\u00fas Mar\u00eda por su participaci\u00f3n en la Marat\u00f3n Salom\u00f3n Ultra Pirineu"},"content":{"rendered":"<p>El Ayuntamiento de Har\u00eda transmite sus felicitaciones atleta norte\u00f1o y miembro del club Har\u00eda Trail Team Jes\u00fas Mar\u00eda por su participaci\u00f3n en la Marat\u00f3n Salom\u00f3n Ultra Pirineu.<\/p>\n<p>La prueba tuvo lugar en Bag\u00e1, entre las provincias de Barcelona y Girona, y cont\u00f3 con cuatro carreras repartidas entre dos d\u00edas y con participantes de nivel mundial.<\/p>\n<p>Desde el Consistorio, mostramos nuestro orgullo porque un deportista de Har\u00eda haya llegado a representarnos en un evento de talla mundial y le deseamos toda la suerte en futuros retos deportivos.<\/p>\n","protected":false},"excerpt":{"rendered":"<p>El Ayuntamiento de Har\u00eda transmite sus felicitaciones atleta norte\u00f1o y miembro del club Har\u00eda Trail Team Jes\u00fas Mar\u00eda por su participaci\u00f3n en la Marat\u00f3n Salom\u00f3n Ultra Pirineu. La prueba tuvo lugar en Bag\u00e1, entre las provincias de Barcelona y Girona, y cont\u00f3 con cuatro carreras repartidas entre dos d\u00edas y con participantes de nivel mundial. [&hellip;]<\/p>\n","protected":false},"author":13,"featured_media":23693,"comment_status":"closed","ping_status":"closed","sticky":false,"template":"","format":"standard","meta":{"footnotes":""},"categories":[17,11],"tags":[],"class_list":["post-23692","post","type-post","status-publish","format-standard","has-post-thumbnail","hentry","category-deportes","category-hoja-de-haria"],"_links":{"self":[{"href":"https:\/\/www.ayuntamientodeharia.com\/haria\/wp-json\/wp\/v2\/posts\/23692","targetHints":{"allow":["GET"]}}],"collection":[{"href":"https:\/\/www.ayuntamientodeharia.com\/haria\/wp-json\/wp\/v2\/posts"}],"about":[{"href":"https:\/\/www.ayuntamientodeharia.com\/haria\/wp-json\/wp\/v2\/types\/post"}],"author":[{"embeddable":true,"href":"https:\/\/www.ayuntamientodeharia.com\/haria\/wp-json\/wp\/v2\/users\/13"}],"replies":[{"embeddable":true,"href":"https:\/\/www.ayuntamientodeharia.com\/haria\/wp-json\/wp\/v2\/comments?post=23692"}],"version-history":[{"count":2,"href":"https:\/\/www.ayuntamientodeharia.com\/haria\/wp-json\/wp\/v2\/posts\/23692\/revisions"}],"predecessor-version":[{"id":23695,"href":"https:\/\/www.ayuntamientodeharia.com\/haria\/wp-json\/wp\/v2\/posts\/23692\/revisions\/23695"}],"wp:featuredmedia":[{"embeddable":true,"href":"https:\/\/www.ayuntamientodeharia.com\/haria\/wp-json\/wp\/v2\/media\/23693"}],"wp:attachment":[{"href":"https:\/\/www.ayuntamientodeharia.com\/haria\/wp-json\/wp\/v2\/media?parent=23692"}],"wp:term":[{"taxonomy":"category","embeddable":true,"href":"https:\/\/www.ayuntamientodeharia.com\/haria\/wp-json\/wp\/v2\/categories?post=23692"},{"taxonomy":"post_tag","embeddable":true,"href":"https:\/\/www.ayuntamientodeharia.com\/haria\/wp-json\/wp\/v2\/tags?post=23692"}],"curies":[{"name":"wp","href":"https:\/\/api.w.org\/{rel}","templated":true}]}}