{"id":23688,"date":"2022-10-07T15:22:40","date_gmt":"2022-10-07T14:22:40","guid":{"rendered":"https:\/\/www.ayuntamientodeharia.com\/haria\/?p=23688"},"modified":"2022-10-07T15:22:40","modified_gmt":"2022-10-07T14:22:40","slug":"reanudamos-las-clases-de-biodanza-en-arrieta","status":"publish","type":"post","link":"https:\/\/www.ayuntamientodeharia.com\/haria\/reanudamos-las-clases-de-biodanza-en-arrieta\/","title":{"rendered":"Reanudamos las clases de Biodanza en Arrieta"},"content":{"rendered":"<p>El Ayuntamiento de Har\u00eda, a trav\u00e9s del \u00c1rea de Deportes, informa que las clases de Biodanza se retoman en el municipio.<\/p>\n<p>Las clases de Biodanza tendr\u00e1n lugar en Arrieta los viernes de 10:00 a 12:00 horas. Para inscribirse, los interesados e interesadas deber\u00e1n llamar al 644136227.<\/p>\n","protected":false},"excerpt":{"rendered":"<p>El Ayuntamiento de Har\u00eda, a trav\u00e9s del \u00c1rea de Deportes, informa que las clases de Biodanza se retoman en el municipio. Las clases de Biodanza tendr\u00e1n lugar en Arrieta los viernes de 10:00 a 12:00 horas. Para inscribirse, los interesados e interesadas deber\u00e1n llamar al 644136227.<\/p>\n","protected":false},"author":13,"featured_media":23689,"comment_status":"closed","ping_status":"closed","sticky":false,"template":"","format":"standard","meta":{"footnotes":""},"categories":[32,17,11],"tags":[],"class_list":["post-23688","post","type-post","status-publish","format-standard","has-post-thumbnail","hentry","category-anuncios","category-deportes","category-hoja-de-haria"],"_links":{"self":[{"href":"https:\/\/www.ayuntamientodeharia.com\/haria\/wp-json\/wp\/v2\/posts\/23688","targetHints":{"allow":["GET"]}}],"collection":[{"href":"https:\/\/www.ayuntamientodeharia.com\/haria\/wp-json\/wp\/v2\/posts"}],"about":[{"href":"https:\/\/www.ayuntamientodeharia.com\/haria\/wp-json\/wp\/v2\/types\/post"}],"author":[{"embeddable":true,"href":"https:\/\/www.ayuntamientodeharia.com\/haria\/wp-json\/wp\/v2\/users\/13"}],"replies":[{"embeddable":true,"href":"https:\/\/www.ayuntamientodeharia.com\/haria\/wp-json\/wp\/v2\/comments?post=23688"}],"version-history":[{"count":2,"href":"https:\/\/www.ayuntamientodeharia.com\/haria\/wp-json\/wp\/v2\/posts\/23688\/revisions"}],"predecessor-version":[{"id":23691,"href":"https:\/\/www.ayuntamientodeharia.com\/haria\/wp-json\/wp\/v2\/posts\/23688\/revisions\/23691"}],"wp:featuredmedia":[{"embeddable":true,"href":"https:\/\/www.ayuntamientodeharia.com\/haria\/wp-json\/wp\/v2\/media\/23689"}],"wp:attachment":[{"href":"https:\/\/www.ayuntamientodeharia.com\/haria\/wp-json\/wp\/v2\/media?parent=23688"}],"wp:term":[{"taxonomy":"category","embeddable":true,"href":"https:\/\/www.ayuntamientodeharia.com\/haria\/wp-json\/wp\/v2\/categories?post=23688"},{"taxonomy":"post_tag","embeddable":true,"href":"https:\/\/www.ayuntamientodeharia.com\/haria\/wp-json\/wp\/v2\/tags?post=23688"}],"curies":[{"name":"wp","href":"https:\/\/api.w.org\/{rel}","templated":true}]}}