{"id":23685,"date":"2022-10-07T15:21:50","date_gmt":"2022-10-07T14:21:50","guid":{"rendered":"https:\/\/www.ayuntamientodeharia.com\/haria\/?p=23685"},"modified":"2022-10-07T15:21:50","modified_gmt":"2022-10-07T14:21:50","slug":"la-agrupacion-folclorica-malpais-de-la-corona-retoma-las-clases-de-bailes-tradicionales","status":"publish","type":"post","link":"https:\/\/www.ayuntamientodeharia.com\/haria\/la-agrupacion-folclorica-malpais-de-la-corona-retoma-las-clases-de-bailes-tradicionales\/","title":{"rendered":"La Agrupaci\u00f3n Folcl\u00f3rica &#8216;Malpa\u00eds de la Corona&#8217; retoma las clases de bailes tradicionales"},"content":{"rendered":"<p>La Agrupaci\u00f3n Folcl\u00f3rica &#8216;Malpa\u00eds de la Corona&#8217; retoma las clases de bailes tradicionales en Har\u00eda. Las clases ser\u00e1n impartidas los mi\u00e9rcoles de 19:45 a 20:45, en el local de ensayo de la Agrupaci\u00f3n, en M\u00e1guez. Los interesados e interesadas podr\u00e1n inscribirse llamando al tel\u00e9fono 626472896.<\/p>\n","protected":false},"excerpt":{"rendered":"<p>La Agrupaci\u00f3n Folcl\u00f3rica &#8216;Malpa\u00eds de la Corona&#8217; retoma las clases de bailes tradicionales en Har\u00eda. Las clases ser\u00e1n impartidas los mi\u00e9rcoles de 19:45 a 20:45, en el local de ensayo de la Agrupaci\u00f3n, en M\u00e1guez. Los interesados e interesadas podr\u00e1n inscribirse llamando al tel\u00e9fono 626472896.<\/p>\n","protected":false},"author":13,"featured_media":23686,"comment_status":"closed","ping_status":"closed","sticky":false,"template":"","format":"standard","meta":{"footnotes":""},"categories":[32,11],"tags":[],"class_list":["post-23685","post","type-post","status-publish","format-standard","has-post-thumbnail","hentry","category-anuncios","category-hoja-de-haria"],"_links":{"self":[{"href":"https:\/\/www.ayuntamientodeharia.com\/haria\/wp-json\/wp\/v2\/posts\/23685","targetHints":{"allow":["GET"]}}],"collection":[{"href":"https:\/\/www.ayuntamientodeharia.com\/haria\/wp-json\/wp\/v2\/posts"}],"about":[{"href":"https:\/\/www.ayuntamientodeharia.com\/haria\/wp-json\/wp\/v2\/types\/post"}],"author":[{"embeddable":true,"href":"https:\/\/www.ayuntamientodeharia.com\/haria\/wp-json\/wp\/v2\/users\/13"}],"replies":[{"embeddable":true,"href":"https:\/\/www.ayuntamientodeharia.com\/haria\/wp-json\/wp\/v2\/comments?post=23685"}],"version-history":[{"count":1,"href":"https:\/\/www.ayuntamientodeharia.com\/haria\/wp-json\/wp\/v2\/posts\/23685\/revisions"}],"predecessor-version":[{"id":23687,"href":"https:\/\/www.ayuntamientodeharia.com\/haria\/wp-json\/wp\/v2\/posts\/23685\/revisions\/23687"}],"wp:featuredmedia":[{"embeddable":true,"href":"https:\/\/www.ayuntamientodeharia.com\/haria\/wp-json\/wp\/v2\/media\/23686"}],"wp:attachment":[{"href":"https:\/\/www.ayuntamientodeharia.com\/haria\/wp-json\/wp\/v2\/media?parent=23685"}],"wp:term":[{"taxonomy":"category","embeddable":true,"href":"https:\/\/www.ayuntamientodeharia.com\/haria\/wp-json\/wp\/v2\/categories?post=23685"},{"taxonomy":"post_tag","embeddable":true,"href":"https:\/\/www.ayuntamientodeharia.com\/haria\/wp-json\/wp\/v2\/tags?post=23685"}],"curies":[{"name":"wp","href":"https:\/\/api.w.org\/{rel}","templated":true}]}}