{"id":23681,"date":"2022-10-07T15:20:43","date_gmt":"2022-10-07T14:20:43","guid":{"rendered":"https:\/\/www.ayuntamientodeharia.com\/haria\/?p=23681"},"modified":"2022-10-07T15:20:43","modified_gmt":"2022-10-07T14:20:43","slug":"comienza-el-campeonato-de-bola-del-mes-de-los-mayores-en-marcha-en-haria","status":"publish","type":"post","link":"https:\/\/www.ayuntamientodeharia.com\/haria\/comienza-el-campeonato-de-bola-del-mes-de-los-mayores-en-marcha-en-haria\/","title":{"rendered":"Comienza el Campeonato de Bola del Mes de los Mayores en Marcha en Har\u00eda"},"content":{"rendered":"<p>Este martes arranc\u00f3 el Campeonato de Bola del Mes de los Mayores en Marcha en Har\u00eda. Este se desarrollar\u00e1 todos los martes y jueves del mes, a las 16:30, en los aparcamientos de la Casa del Cura y contar\u00e1 con grandes premios para los equipos masculinos y femeninos apuntados.<\/p>\n<p>Les deseamos toda la suerte y que disfruten de esta actividad deportiva para mayores del municipio.<\/p>\n","protected":false},"excerpt":{"rendered":"<p>Este martes arranc\u00f3 el Campeonato de Bola del Mes de los Mayores en Marcha en Har\u00eda. Este se desarrollar\u00e1 todos los martes y jueves del mes, a las 16:30, en los aparcamientos de la Casa del Cura y contar\u00e1 con grandes premios para los equipos masculinos y femeninos apuntados. Les deseamos toda la suerte y [&hellip;]<\/p>\n","protected":false},"author":13,"featured_media":23682,"comment_status":"closed","ping_status":"closed","sticky":false,"template":"","format":"standard","meta":{"footnotes":""},"categories":[11,61],"tags":[],"class_list":["post-23681","post","type-post","status-publish","format-standard","has-post-thumbnail","hentry","category-hoja-de-haria","category-tercera-edad"],"_links":{"self":[{"href":"https:\/\/www.ayuntamientodeharia.com\/haria\/wp-json\/wp\/v2\/posts\/23681","targetHints":{"allow":["GET"]}}],"collection":[{"href":"https:\/\/www.ayuntamientodeharia.com\/haria\/wp-json\/wp\/v2\/posts"}],"about":[{"href":"https:\/\/www.ayuntamientodeharia.com\/haria\/wp-json\/wp\/v2\/types\/post"}],"author":[{"embeddable":true,"href":"https:\/\/www.ayuntamientodeharia.com\/haria\/wp-json\/wp\/v2\/users\/13"}],"replies":[{"embeddable":true,"href":"https:\/\/www.ayuntamientodeharia.com\/haria\/wp-json\/wp\/v2\/comments?post=23681"}],"version-history":[{"count":2,"href":"https:\/\/www.ayuntamientodeharia.com\/haria\/wp-json\/wp\/v2\/posts\/23681\/revisions"}],"predecessor-version":[{"id":23684,"href":"https:\/\/www.ayuntamientodeharia.com\/haria\/wp-json\/wp\/v2\/posts\/23681\/revisions\/23684"}],"wp:featuredmedia":[{"embeddable":true,"href":"https:\/\/www.ayuntamientodeharia.com\/haria\/wp-json\/wp\/v2\/media\/23682"}],"wp:attachment":[{"href":"https:\/\/www.ayuntamientodeharia.com\/haria\/wp-json\/wp\/v2\/media?parent=23681"}],"wp:term":[{"taxonomy":"category","embeddable":true,"href":"https:\/\/www.ayuntamientodeharia.com\/haria\/wp-json\/wp\/v2\/categories?post=23681"},{"taxonomy":"post_tag","embeddable":true,"href":"https:\/\/www.ayuntamientodeharia.com\/haria\/wp-json\/wp\/v2\/tags?post=23681"}],"curies":[{"name":"wp","href":"https:\/\/api.w.org\/{rel}","templated":true}]}}