{"id":23674,"date":"2022-10-07T15:18:43","date_gmt":"2022-10-07T14:18:43","guid":{"rendered":"https:\/\/www.ayuntamientodeharia.com\/haria\/?p=23674"},"modified":"2022-10-07T15:18:43","modified_gmt":"2022-10-07T14:18:43","slug":"radio-ecca-oferta-mas-de-200-acciones-formativas-para-este-curso","status":"publish","type":"post","link":"https:\/\/www.ayuntamientodeharia.com\/haria\/radio-ecca-oferta-mas-de-200-acciones-formativas-para-este-curso\/","title":{"rendered":"Radio ECCA oferta m\u00e1s de 200 acciones formativas para este curso"},"content":{"rendered":"<p>Radio Ecca inicia un nuevo curso acad\u00e9mico ofertando m\u00e1s de 200 acciones formativas. La matriculaci\u00f3n para las titulaciones oficiales (ESO, Bachillerato y Ciclo Superior de Integraci\u00f3n Social) y para formaciones online ya se encuentra abierta.<\/p>\n<p>El Ayuntamiento anima a la poblaci\u00f3n interesada a acudir los jueves, de 18:00 a 19:00 horas, al Centro Cultural \u2018El Marinero\u2019, de Punta Mujeres, para recibir m\u00e1s informaci\u00f3n o inscribirse a la amplia oferta formativa de Radio Ecca. M\u00e1s informaci\u00f3n llamando al 928813097 o al correo j.collado@radioecca.org.<\/p>\n","protected":false},"excerpt":{"rendered":"<p>Radio Ecca inicia un nuevo curso acad\u00e9mico ofertando m\u00e1s de 200 acciones formativas. La matriculaci\u00f3n para las titulaciones oficiales (ESO, Bachillerato y Ciclo Superior de Integraci\u00f3n Social) y para formaciones online ya se encuentra abierta. El Ayuntamiento anima a la poblaci\u00f3n interesada a acudir los jueves, de 18:00 a 19:00 horas, al Centro Cultural \u2018El [&hellip;]<\/p>\n","protected":false},"author":13,"featured_media":23675,"comment_status":"closed","ping_status":"closed","sticky":false,"template":"","format":"standard","meta":{"footnotes":""},"categories":[32,19,11],"tags":[],"class_list":["post-23674","post","type-post","status-publish","format-standard","has-post-thumbnail","hentry","category-anuncios","category-formacion","category-hoja-de-haria"],"_links":{"self":[{"href":"https:\/\/www.ayuntamientodeharia.com\/haria\/wp-json\/wp\/v2\/posts\/23674","targetHints":{"allow":["GET"]}}],"collection":[{"href":"https:\/\/www.ayuntamientodeharia.com\/haria\/wp-json\/wp\/v2\/posts"}],"about":[{"href":"https:\/\/www.ayuntamientodeharia.com\/haria\/wp-json\/wp\/v2\/types\/post"}],"author":[{"embeddable":true,"href":"https:\/\/www.ayuntamientodeharia.com\/haria\/wp-json\/wp\/v2\/users\/13"}],"replies":[{"embeddable":true,"href":"https:\/\/www.ayuntamientodeharia.com\/haria\/wp-json\/wp\/v2\/comments?post=23674"}],"version-history":[{"count":1,"href":"https:\/\/www.ayuntamientodeharia.com\/haria\/wp-json\/wp\/v2\/posts\/23674\/revisions"}],"predecessor-version":[{"id":23676,"href":"https:\/\/www.ayuntamientodeharia.com\/haria\/wp-json\/wp\/v2\/posts\/23674\/revisions\/23676"}],"wp:featuredmedia":[{"embeddable":true,"href":"https:\/\/www.ayuntamientodeharia.com\/haria\/wp-json\/wp\/v2\/media\/23675"}],"wp:attachment":[{"href":"https:\/\/www.ayuntamientodeharia.com\/haria\/wp-json\/wp\/v2\/media?parent=23674"}],"wp:term":[{"taxonomy":"category","embeddable":true,"href":"https:\/\/www.ayuntamientodeharia.com\/haria\/wp-json\/wp\/v2\/categories?post=23674"},{"taxonomy":"post_tag","embeddable":true,"href":"https:\/\/www.ayuntamientodeharia.com\/haria\/wp-json\/wp\/v2\/tags?post=23674"}],"curies":[{"name":"wp","href":"https:\/\/api.w.org\/{rel}","templated":true}]}}