{"id":23670,"date":"2022-10-07T15:16:38","date_gmt":"2022-10-07T14:16:38","guid":{"rendered":"https:\/\/www.ayuntamientodeharia.com\/haria\/?p=23670"},"modified":"2022-10-07T15:16:38","modified_gmt":"2022-10-07T14:16:38","slug":"el-area-de-deportes-organiza-clases-de-yoga-en-familia-y-mindfulness-y-yoga-para-ninos-y-ninas","status":"publish","type":"post","link":"https:\/\/www.ayuntamientodeharia.com\/haria\/el-area-de-deportes-organiza-clases-de-yoga-en-familia-y-mindfulness-y-yoga-para-ninos-y-ninas\/","title":{"rendered":"El \u00c1rea de Deportes organiza clases de Yoga en familia y \u2018Mindfulness\u2019 y Yoga para ni\u00f1os y ni\u00f1as"},"content":{"rendered":"<p>El \u00c1rea de Deportes del Ayuntamiento de Har\u00eda organizara clases de Yoga en familia y \u2018Mindfulness\u2019 y Yoga para ni\u00f1os y ni\u00f1as.<\/p>\n<p>Las clases de Yoga en familia ser\u00e1n los jueves, a las 17:00 horas, en Arrieta, mientras que las de Mindfulness y Yoga para ni\u00f1os y ni\u00f1as, los lunes y mi\u00e9rcoles, a las 16:00 horas, en Arrieta.<\/p>\n<p>La maestra de Yoga Soledad Artigue ser\u00e1 la encargada de impartir estas clases. Para m\u00e1s informaci\u00f3n, llamar al 671287306.<\/p>\n<p><img fetchpriority=\"high\" decoding=\"async\" class=\"alignnone size-medium wp-image-23672\" src=\"https:\/\/www.ayuntamientodeharia.com\/haria\/wp-content\/uploads\/2022\/10\/Cartel-Yoga-2-450x450.png\" alt=\"\" width=\"450\" height=\"450\" srcset=\"https:\/\/www.ayuntamientodeharia.com\/haria\/wp-content\/uploads\/2022\/10\/Cartel-Yoga-2-450x450.png 450w, https:\/\/www.ayuntamientodeharia.com\/haria\/wp-content\/uploads\/2022\/10\/Cartel-Yoga-2-1038x1038.png 1038w, https:\/\/www.ayuntamientodeharia.com\/haria\/wp-content\/uploads\/2022\/10\/Cartel-Yoga-2-150x150.png 150w, https:\/\/www.ayuntamientodeharia.com\/haria\/wp-content\/uploads\/2022\/10\/Cartel-Yoga-2-768x768.png 768w, https:\/\/www.ayuntamientodeharia.com\/haria\/wp-content\/uploads\/2022\/10\/Cartel-Yoga-2-112x112.png 112w, https:\/\/www.ayuntamientodeharia.com\/haria\/wp-content\/uploads\/2022\/10\/Cartel-Yoga-2.png 1080w\" sizes=\"(max-width: 450px) 100vw, 450px\" \/><\/p>\n","protected":false},"excerpt":{"rendered":"<p>El \u00c1rea de Deportes del Ayuntamiento de Har\u00eda organizara clases de Yoga en familia y \u2018Mindfulness\u2019 y Yoga para ni\u00f1os y ni\u00f1as. Las clases de Yoga en familia ser\u00e1n los jueves, a las 17:00 horas, en Arrieta, mientras que las de Mindfulness y Yoga para ni\u00f1os y ni\u00f1as, los lunes y mi\u00e9rcoles, a las 16:00 [&hellip;]<\/p>\n","protected":false},"author":13,"featured_media":23671,"comment_status":"closed","ping_status":"closed","sticky":false,"template":"","format":"standard","meta":{"footnotes":""},"categories":[32,17,11],"tags":[],"class_list":["post-23670","post","type-post","status-publish","format-standard","has-post-thumbnail","hentry","category-anuncios","category-deportes","category-hoja-de-haria"],"_links":{"self":[{"href":"https:\/\/www.ayuntamientodeharia.com\/haria\/wp-json\/wp\/v2\/posts\/23670","targetHints":{"allow":["GET"]}}],"collection":[{"href":"https:\/\/www.ayuntamientodeharia.com\/haria\/wp-json\/wp\/v2\/posts"}],"about":[{"href":"https:\/\/www.ayuntamientodeharia.com\/haria\/wp-json\/wp\/v2\/types\/post"}],"author":[{"embeddable":true,"href":"https:\/\/www.ayuntamientodeharia.com\/haria\/wp-json\/wp\/v2\/users\/13"}],"replies":[{"embeddable":true,"href":"https:\/\/www.ayuntamientodeharia.com\/haria\/wp-json\/wp\/v2\/comments?post=23670"}],"version-history":[{"count":1,"href":"https:\/\/www.ayuntamientodeharia.com\/haria\/wp-json\/wp\/v2\/posts\/23670\/revisions"}],"predecessor-version":[{"id":23673,"href":"https:\/\/www.ayuntamientodeharia.com\/haria\/wp-json\/wp\/v2\/posts\/23670\/revisions\/23673"}],"wp:featuredmedia":[{"embeddable":true,"href":"https:\/\/www.ayuntamientodeharia.com\/haria\/wp-json\/wp\/v2\/media\/23671"}],"wp:attachment":[{"href":"https:\/\/www.ayuntamientodeharia.com\/haria\/wp-json\/wp\/v2\/media?parent=23670"}],"wp:term":[{"taxonomy":"category","embeddable":true,"href":"https:\/\/www.ayuntamientodeharia.com\/haria\/wp-json\/wp\/v2\/categories?post=23670"},{"taxonomy":"post_tag","embeddable":true,"href":"https:\/\/www.ayuntamientodeharia.com\/haria\/wp-json\/wp\/v2\/tags?post=23670"}],"curies":[{"name":"wp","href":"https:\/\/api.w.org\/{rel}","templated":true}]}}