{"id":23662,"date":"2022-09-30T15:53:17","date_gmt":"2022-09-30T14:53:17","guid":{"rendered":"https:\/\/www.ayuntamientodeharia.com\/haria\/?p=23662"},"modified":"2022-09-30T15:53:17","modified_gmt":"2022-09-30T14:53:17","slug":"iniciamos-los-tramites-para-declarar-al-fotografo-javier-reyes-como-hijo-predilecto-de-haria","status":"publish","type":"post","link":"https:\/\/www.ayuntamientodeharia.com\/haria\/iniciamos-los-tramites-para-declarar-al-fotografo-javier-reyes-como-hijo-predilecto-de-haria\/","title":{"rendered":"Iniciamos los tr\u00e1mites para declarar al fot\u00f3grafo Javier Reyes como Hijo Predilecto de Har\u00eda"},"content":{"rendered":"<p>El Ayuntamiento de Har\u00eda ha acordado iniciar los tr\u00e1mites para nombrar al fot\u00f3grafo norte\u00f1o Javier Reyes como Hijo Predilecto de Har\u00eda.<\/p>\n<p>As\u00ed lo ha anunciado la alcaldesa Evelia Garc\u00eda durante la presentaci\u00f3n del proyecto Mes de los Mayores en Marcha, \u201cen reconocimiento a una trayectoria \u00fanica en el mundo art\u00edstico, cultural y patrimonial del municipio y de la Isla\u201d.<\/p>\n<p>\u201cJavier Reyes ha llevado en sus carretes durante d\u00e9cadas la historia de Har\u00eda y de Lanzarote y La Graciosa a trav\u00e9s de toda Canarias y por ello creemos firmemente que se lo merece\u201d, remarc\u00f3 la regidora.<\/p>\n","protected":false},"excerpt":{"rendered":"<p>El Ayuntamiento de Har\u00eda ha acordado iniciar los tr\u00e1mites para nombrar al fot\u00f3grafo norte\u00f1o Javier Reyes como Hijo Predilecto de Har\u00eda. As\u00ed lo ha anunciado la alcaldesa Evelia Garc\u00eda durante la presentaci\u00f3n del proyecto Mes de los Mayores en Marcha, \u201cen reconocimiento a una trayectoria \u00fanica en el mundo art\u00edstico, cultural y patrimonial del municipio [&hellip;]<\/p>\n","protected":false},"author":13,"featured_media":23663,"comment_status":"closed","ping_status":"closed","sticky":false,"template":"","format":"standard","meta":{"footnotes":""},"categories":[73,425,11,61],"tags":[],"class_list":["post-23662","post","type-post","status-publish","format-standard","has-post-thumbnail","hentry","category-alcaldia","category-destacado","category-hoja-de-haria","category-tercera-edad"],"_links":{"self":[{"href":"https:\/\/www.ayuntamientodeharia.com\/haria\/wp-json\/wp\/v2\/posts\/23662","targetHints":{"allow":["GET"]}}],"collection":[{"href":"https:\/\/www.ayuntamientodeharia.com\/haria\/wp-json\/wp\/v2\/posts"}],"about":[{"href":"https:\/\/www.ayuntamientodeharia.com\/haria\/wp-json\/wp\/v2\/types\/post"}],"author":[{"embeddable":true,"href":"https:\/\/www.ayuntamientodeharia.com\/haria\/wp-json\/wp\/v2\/users\/13"}],"replies":[{"embeddable":true,"href":"https:\/\/www.ayuntamientodeharia.com\/haria\/wp-json\/wp\/v2\/comments?post=23662"}],"version-history":[{"count":1,"href":"https:\/\/www.ayuntamientodeharia.com\/haria\/wp-json\/wp\/v2\/posts\/23662\/revisions"}],"predecessor-version":[{"id":23664,"href":"https:\/\/www.ayuntamientodeharia.com\/haria\/wp-json\/wp\/v2\/posts\/23662\/revisions\/23664"}],"wp:featuredmedia":[{"embeddable":true,"href":"https:\/\/www.ayuntamientodeharia.com\/haria\/wp-json\/wp\/v2\/media\/23663"}],"wp:attachment":[{"href":"https:\/\/www.ayuntamientodeharia.com\/haria\/wp-json\/wp\/v2\/media?parent=23662"}],"wp:term":[{"taxonomy":"category","embeddable":true,"href":"https:\/\/www.ayuntamientodeharia.com\/haria\/wp-json\/wp\/v2\/categories?post=23662"},{"taxonomy":"post_tag","embeddable":true,"href":"https:\/\/www.ayuntamientodeharia.com\/haria\/wp-json\/wp\/v2\/tags?post=23662"}],"curies":[{"name":"wp","href":"https:\/\/api.w.org\/{rel}","templated":true}]}}