{"id":23655,"date":"2022-09-30T15:50:55","date_gmt":"2022-09-30T14:50:55","guid":{"rendered":"https:\/\/www.ayuntamientodeharia.com\/haria\/?p=23655"},"modified":"2022-09-30T15:50:55","modified_gmt":"2022-09-30T14:50:55","slug":"todas-las-actividades-del-mes-del-mayor-en-marcha-contaran-con-transporte-gratuito","status":"publish","type":"post","link":"https:\/\/www.ayuntamientodeharia.com\/haria\/todas-las-actividades-del-mes-del-mayor-en-marcha-contaran-con-transporte-gratuito\/","title":{"rendered":"Todas las actividades del \u2018Mes del Mayor en Marcha\u2019 contar\u00e1n con transporte gratuito"},"content":{"rendered":"<p>El Ayuntamiento de Har\u00eda informa a la poblaci\u00f3n del municipio que todos y todas las participantes de las actividades del \u2018Mes del Mayor en Marcha\u2019 podr\u00e1n disfrutar de un servicio de transporte gratuito habilitado por el Consistorio.<\/p>\n<p>De esta forma, para facilitar los desplazamientos y accesibilidad de los mayores a los actos programados, cada uno de estos que requiera de movilizaciones estar\u00e1 cubierto por uno o varios veh\u00edculos puestos a disposici\u00f3n de las personas por el Ayuntamiento.<\/p>\n","protected":false},"excerpt":{"rendered":"<p>El Ayuntamiento de Har\u00eda informa a la poblaci\u00f3n del municipio que todos y todas las participantes de las actividades del \u2018Mes del Mayor en Marcha\u2019 podr\u00e1n disfrutar de un servicio de transporte gratuito habilitado por el Consistorio. De esta forma, para facilitar los desplazamientos y accesibilidad de los mayores a los actos programados, cada uno [&hellip;]<\/p>\n","protected":false},"author":13,"featured_media":23656,"comment_status":"closed","ping_status":"closed","sticky":false,"template":"","format":"standard","meta":{"footnotes":""},"categories":[32,425,11,61],"tags":[],"class_list":["post-23655","post","type-post","status-publish","format-standard","has-post-thumbnail","hentry","category-anuncios","category-destacado","category-hoja-de-haria","category-tercera-edad"],"_links":{"self":[{"href":"https:\/\/www.ayuntamientodeharia.com\/haria\/wp-json\/wp\/v2\/posts\/23655","targetHints":{"allow":["GET"]}}],"collection":[{"href":"https:\/\/www.ayuntamientodeharia.com\/haria\/wp-json\/wp\/v2\/posts"}],"about":[{"href":"https:\/\/www.ayuntamientodeharia.com\/haria\/wp-json\/wp\/v2\/types\/post"}],"author":[{"embeddable":true,"href":"https:\/\/www.ayuntamientodeharia.com\/haria\/wp-json\/wp\/v2\/users\/13"}],"replies":[{"embeddable":true,"href":"https:\/\/www.ayuntamientodeharia.com\/haria\/wp-json\/wp\/v2\/comments?post=23655"}],"version-history":[{"count":1,"href":"https:\/\/www.ayuntamientodeharia.com\/haria\/wp-json\/wp\/v2\/posts\/23655\/revisions"}],"predecessor-version":[{"id":23657,"href":"https:\/\/www.ayuntamientodeharia.com\/haria\/wp-json\/wp\/v2\/posts\/23655\/revisions\/23657"}],"wp:featuredmedia":[{"embeddable":true,"href":"https:\/\/www.ayuntamientodeharia.com\/haria\/wp-json\/wp\/v2\/media\/23656"}],"wp:attachment":[{"href":"https:\/\/www.ayuntamientodeharia.com\/haria\/wp-json\/wp\/v2\/media?parent=23655"}],"wp:term":[{"taxonomy":"category","embeddable":true,"href":"https:\/\/www.ayuntamientodeharia.com\/haria\/wp-json\/wp\/v2\/categories?post=23655"},{"taxonomy":"post_tag","embeddable":true,"href":"https:\/\/www.ayuntamientodeharia.com\/haria\/wp-json\/wp\/v2\/tags?post=23655"}],"curies":[{"name":"wp","href":"https:\/\/api.w.org\/{rel}","templated":true}]}}