{"id":23652,"date":"2022-09-30T15:48:12","date_gmt":"2022-09-30T14:48:12","guid":{"rendered":"https:\/\/www.ayuntamientodeharia.com\/haria\/?p=23652"},"modified":"2022-09-30T15:48:12","modified_gmt":"2022-09-30T14:48:12","slug":"el-acto-conmemorativo-del-dia-internacional-de-las-personas-de-edad-cambia-de-horario","status":"publish","type":"post","link":"https:\/\/www.ayuntamientodeharia.com\/haria\/el-acto-conmemorativo-del-dia-internacional-de-las-personas-de-edad-cambia-de-horario\/","title":{"rendered":"El acto conmemorativo del D\u00eda Internacional de las Personas de Edad cambia de horario"},"content":{"rendered":"<p>El Ayuntamiento de Har\u00eda comunica a la ciudadan\u00eda que el acto conmemorativo que se va a celebrar este s\u00e1bado, 1 de octubre, cambia de horario. Este pasa a tener lugar a las 18:00 horas, frente al Centro Democr\u00e1tico de M\u00e1guez, en lugar de a las 20:15 como estaba previsto.<\/p>\n","protected":false},"excerpt":{"rendered":"<p>El Ayuntamiento de Har\u00eda comunica a la ciudadan\u00eda que el acto conmemorativo que se va a celebrar este s\u00e1bado, 1 de octubre, cambia de horario. Este pasa a tener lugar a las 18:00 horas, frente al Centro Democr\u00e1tico de M\u00e1guez, en lugar de a las 20:15 como estaba previsto.<\/p>\n","protected":false},"author":13,"featured_media":23653,"comment_status":"closed","ping_status":"closed","sticky":false,"template":"","format":"standard","meta":{"footnotes":""},"categories":[32,11,61],"tags":[],"class_list":["post-23652","post","type-post","status-publish","format-standard","has-post-thumbnail","hentry","category-anuncios","category-hoja-de-haria","category-tercera-edad"],"_links":{"self":[{"href":"https:\/\/www.ayuntamientodeharia.com\/haria\/wp-json\/wp\/v2\/posts\/23652","targetHints":{"allow":["GET"]}}],"collection":[{"href":"https:\/\/www.ayuntamientodeharia.com\/haria\/wp-json\/wp\/v2\/posts"}],"about":[{"href":"https:\/\/www.ayuntamientodeharia.com\/haria\/wp-json\/wp\/v2\/types\/post"}],"author":[{"embeddable":true,"href":"https:\/\/www.ayuntamientodeharia.com\/haria\/wp-json\/wp\/v2\/users\/13"}],"replies":[{"embeddable":true,"href":"https:\/\/www.ayuntamientodeharia.com\/haria\/wp-json\/wp\/v2\/comments?post=23652"}],"version-history":[{"count":1,"href":"https:\/\/www.ayuntamientodeharia.com\/haria\/wp-json\/wp\/v2\/posts\/23652\/revisions"}],"predecessor-version":[{"id":23654,"href":"https:\/\/www.ayuntamientodeharia.com\/haria\/wp-json\/wp\/v2\/posts\/23652\/revisions\/23654"}],"wp:featuredmedia":[{"embeddable":true,"href":"https:\/\/www.ayuntamientodeharia.com\/haria\/wp-json\/wp\/v2\/media\/23653"}],"wp:attachment":[{"href":"https:\/\/www.ayuntamientodeharia.com\/haria\/wp-json\/wp\/v2\/media?parent=23652"}],"wp:term":[{"taxonomy":"category","embeddable":true,"href":"https:\/\/www.ayuntamientodeharia.com\/haria\/wp-json\/wp\/v2\/categories?post=23652"},{"taxonomy":"post_tag","embeddable":true,"href":"https:\/\/www.ayuntamientodeharia.com\/haria\/wp-json\/wp\/v2\/tags?post=23652"}],"curies":[{"name":"wp","href":"https:\/\/api.w.org\/{rel}","templated":true}]}}