{"id":23649,"date":"2022-09-30T15:47:01","date_gmt":"2022-09-30T14:47:01","guid":{"rendered":"https:\/\/www.ayuntamientodeharia.com\/haria\/?p=23649"},"modified":"2022-09-30T15:47:01","modified_gmt":"2022-09-30T14:47:01","slug":"el-centro-democratico-de-maguez-organiza-un-viaje-a-cataluna","status":"publish","type":"post","link":"https:\/\/www.ayuntamientodeharia.com\/haria\/el-centro-democratico-de-maguez-organiza-un-viaje-a-cataluna\/","title":{"rendered":"El Centro Democr\u00e1tico de M\u00e1guez organiza un viaje a Catalu\u00f1a"},"content":{"rendered":"<p>El Centro Democr\u00e1tico de M\u00e1guez organiza un viaje a Catalu\u00f1a entre los d\u00edas 15 y 20 de noviembre. Durante este se llevar\u00e1 a cabo la ruta Penedes-Cavas Catalanas.<\/p>\n<p>Las personas interesadas en recibir m\u00e1s informaci\u00f3n o inscribirse, sean socios o no socios del Centro, deber\u00e1n hacerlo antes de 1 de octubre llamando al n\u00famero de tel\u00e9fono 609435595.<\/p>\n","protected":false},"excerpt":{"rendered":"<p>El Centro Democr\u00e1tico de M\u00e1guez organiza un viaje a Catalu\u00f1a entre los d\u00edas 15 y 20 de noviembre. Durante este se llevar\u00e1 a cabo la ruta Penedes-Cavas Catalanas. Las personas interesadas en recibir m\u00e1s informaci\u00f3n o inscribirse, sean socios o no socios del Centro, deber\u00e1n hacerlo antes de 1 de octubre llamando al n\u00famero de [&hellip;]<\/p>\n","protected":false},"author":13,"featured_media":23650,"comment_status":"closed","ping_status":"closed","sticky":false,"template":"","format":"standard","meta":{"footnotes":""},"categories":[32,11],"tags":[],"class_list":["post-23649","post","type-post","status-publish","format-standard","has-post-thumbnail","hentry","category-anuncios","category-hoja-de-haria"],"_links":{"self":[{"href":"https:\/\/www.ayuntamientodeharia.com\/haria\/wp-json\/wp\/v2\/posts\/23649","targetHints":{"allow":["GET"]}}],"collection":[{"href":"https:\/\/www.ayuntamientodeharia.com\/haria\/wp-json\/wp\/v2\/posts"}],"about":[{"href":"https:\/\/www.ayuntamientodeharia.com\/haria\/wp-json\/wp\/v2\/types\/post"}],"author":[{"embeddable":true,"href":"https:\/\/www.ayuntamientodeharia.com\/haria\/wp-json\/wp\/v2\/users\/13"}],"replies":[{"embeddable":true,"href":"https:\/\/www.ayuntamientodeharia.com\/haria\/wp-json\/wp\/v2\/comments?post=23649"}],"version-history":[{"count":1,"href":"https:\/\/www.ayuntamientodeharia.com\/haria\/wp-json\/wp\/v2\/posts\/23649\/revisions"}],"predecessor-version":[{"id":23651,"href":"https:\/\/www.ayuntamientodeharia.com\/haria\/wp-json\/wp\/v2\/posts\/23649\/revisions\/23651"}],"wp:featuredmedia":[{"embeddable":true,"href":"https:\/\/www.ayuntamientodeharia.com\/haria\/wp-json\/wp\/v2\/media\/23650"}],"wp:attachment":[{"href":"https:\/\/www.ayuntamientodeharia.com\/haria\/wp-json\/wp\/v2\/media?parent=23649"}],"wp:term":[{"taxonomy":"category","embeddable":true,"href":"https:\/\/www.ayuntamientodeharia.com\/haria\/wp-json\/wp\/v2\/categories?post=23649"},{"taxonomy":"post_tag","embeddable":true,"href":"https:\/\/www.ayuntamientodeharia.com\/haria\/wp-json\/wp\/v2\/tags?post=23649"}],"curies":[{"name":"wp","href":"https:\/\/api.w.org\/{rel}","templated":true}]}}