{"id":23646,"date":"2022-09-30T15:43:08","date_gmt":"2022-09-30T14:43:08","guid":{"rendered":"https:\/\/www.ayuntamientodeharia.com\/haria\/?p=23646"},"modified":"2022-09-30T15:43:08","modified_gmt":"2022-09-30T14:43:08","slug":"la-asociacion-el-norte-dance-comienza-las-clases-de-bailes-latinos","status":"publish","type":"post","link":"https:\/\/www.ayuntamientodeharia.com\/haria\/la-asociacion-el-norte-dance-comienza-las-clases-de-bailes-latinos\/","title":{"rendered":"La Asociaci\u00f3n \u2018El Norte Dance\u2019 comienza las clases de bailes latinos"},"content":{"rendered":"<p>El Ayuntamiento de Har\u00eda anuncia que la Asociaci\u00f3n Cultural y Deportiva \u2018El Norte Dance\u2019 iniciar\u00e1 en el mes de octubre las clases de bailes latinos correspondientes al curso 2022\/2023.<\/p>\n<p>Estas tendr\u00e1n lugar en el Centro Sociocultural El Marinero de Punta Mujeres y est\u00e1 dirigida a toda la poblaci\u00f3n mayor de tres a\u00f1os. Los estilos que se impartir\u00e1n ser\u00e1n T\u00e9cnica de Danza, Bailes Latinos y Baile Moderno, todos tanto por parejas, como grupal.<\/p>\n<p>Para m\u00e1s informaci\u00f3n, acudir al CSC El Marinero o llamar al 699350165.<\/p>\n","protected":false},"excerpt":{"rendered":"<p>El Ayuntamiento de Har\u00eda anuncia que la Asociaci\u00f3n Cultural y Deportiva \u2018El Norte Dance\u2019 iniciar\u00e1 en el mes de octubre las clases de bailes latinos correspondientes al curso 2022\/2023. Estas tendr\u00e1n lugar en el Centro Sociocultural El Marinero de Punta Mujeres y est\u00e1 dirigida a toda la poblaci\u00f3n mayor de tres a\u00f1os. Los estilos que [&hellip;]<\/p>\n","protected":false},"author":13,"featured_media":23647,"comment_status":"closed","ping_status":"closed","sticky":false,"template":"","format":"standard","meta":{"footnotes":""},"categories":[32,11],"tags":[],"class_list":["post-23646","post","type-post","status-publish","format-standard","has-post-thumbnail","hentry","category-anuncios","category-hoja-de-haria"],"_links":{"self":[{"href":"https:\/\/www.ayuntamientodeharia.com\/haria\/wp-json\/wp\/v2\/posts\/23646","targetHints":{"allow":["GET"]}}],"collection":[{"href":"https:\/\/www.ayuntamientodeharia.com\/haria\/wp-json\/wp\/v2\/posts"}],"about":[{"href":"https:\/\/www.ayuntamientodeharia.com\/haria\/wp-json\/wp\/v2\/types\/post"}],"author":[{"embeddable":true,"href":"https:\/\/www.ayuntamientodeharia.com\/haria\/wp-json\/wp\/v2\/users\/13"}],"replies":[{"embeddable":true,"href":"https:\/\/www.ayuntamientodeharia.com\/haria\/wp-json\/wp\/v2\/comments?post=23646"}],"version-history":[{"count":1,"href":"https:\/\/www.ayuntamientodeharia.com\/haria\/wp-json\/wp\/v2\/posts\/23646\/revisions"}],"predecessor-version":[{"id":23648,"href":"https:\/\/www.ayuntamientodeharia.com\/haria\/wp-json\/wp\/v2\/posts\/23646\/revisions\/23648"}],"wp:featuredmedia":[{"embeddable":true,"href":"https:\/\/www.ayuntamientodeharia.com\/haria\/wp-json\/wp\/v2\/media\/23647"}],"wp:attachment":[{"href":"https:\/\/www.ayuntamientodeharia.com\/haria\/wp-json\/wp\/v2\/media?parent=23646"}],"wp:term":[{"taxonomy":"category","embeddable":true,"href":"https:\/\/www.ayuntamientodeharia.com\/haria\/wp-json\/wp\/v2\/categories?post=23646"},{"taxonomy":"post_tag","embeddable":true,"href":"https:\/\/www.ayuntamientodeharia.com\/haria\/wp-json\/wp\/v2\/tags?post=23646"}],"curies":[{"name":"wp","href":"https:\/\/api.w.org\/{rel}","templated":true}]}}