{"id":23608,"date":"2022-09-23T16:10:38","date_gmt":"2022-09-23T15:10:38","guid":{"rendered":"https:\/\/www.ayuntamientodeharia.com\/haria\/?p=23608"},"modified":"2022-09-23T16:10:38","modified_gmt":"2022-09-23T15:10:38","slug":"el-ayuntamiento-de-haria-presenta-un-proyecto-para-fomentar-la-dinamizacion-de-las-personas-mayores","status":"publish","type":"post","link":"https:\/\/www.ayuntamientodeharia.com\/haria\/el-ayuntamiento-de-haria-presenta-un-proyecto-para-fomentar-la-dinamizacion-de-las-personas-mayores\/","title":{"rendered":"El Ayuntamiento de Har\u00eda presenta un proyecto para fomentar la dinamizaci\u00f3n de las personas mayores"},"content":{"rendered":"<p>El Ayuntamiento de Har\u00eda, en colaboraci\u00f3n con la Consejer\u00eda de Bienestar Social del Cabildo de Lanzarote, presentar\u00e1 el pr\u00f3ximo jueves, 29 de septiembre, el proyecto \u2018Mes de Mayores en Marcha\u2019, una iniciativa que se desarrollar\u00e1 durante todo el mes de octubre y que buscar\u00e1 fomentar la dinamizaci\u00f3n de las personas mayores del municipio.<\/p>\n<p>El acto tendr\u00e1 lugar en la Plaza de Har\u00eda, a partir de las 11:00 horas, y dar\u00e1 a conocer a la poblaci\u00f3n las actividades l\u00fadicas, formativas, festivas y educativas que se organizar\u00e1n. Entre estas habr\u00e1 un campeonato de Bola para mayores, los martes y jueves en el entorno de la Plaza, y contar\u00e1 con grandes premios para los equipos masculinos y femeninos que se apunten.<\/p>\n<p>El Consistorio anima a la ciudadan\u00eda a conformar los equipos y apuntarse a esta iniciativa. Para m\u00e1s informaci\u00f3n, acudir al \u00c1rea de Mayores de la Concejal\u00eda de Bienestar Social.<\/p>\n","protected":false},"excerpt":{"rendered":"<p>El Ayuntamiento de Har\u00eda, en colaboraci\u00f3n con la Consejer\u00eda de Bienestar Social del Cabildo de Lanzarote, presentar\u00e1 el pr\u00f3ximo jueves, 29 de septiembre, el proyecto \u2018Mes de Mayores en Marcha\u2019, una iniciativa que se desarrollar\u00e1 durante todo el mes de octubre y que buscar\u00e1 fomentar la dinamizaci\u00f3n de las personas mayores del municipio. El acto [&hellip;]<\/p>\n","protected":false},"author":13,"featured_media":23609,"comment_status":"closed","ping_status":"closed","sticky":false,"template":"","format":"standard","meta":{"footnotes":""},"categories":[73,32,187,425,11],"tags":[],"class_list":["post-23608","post","type-post","status-publish","format-standard","has-post-thumbnail","hentry","category-alcaldia","category-anuncios","category-bienestar-social","category-destacado","category-hoja-de-haria"],"_links":{"self":[{"href":"https:\/\/www.ayuntamientodeharia.com\/haria\/wp-json\/wp\/v2\/posts\/23608","targetHints":{"allow":["GET"]}}],"collection":[{"href":"https:\/\/www.ayuntamientodeharia.com\/haria\/wp-json\/wp\/v2\/posts"}],"about":[{"href":"https:\/\/www.ayuntamientodeharia.com\/haria\/wp-json\/wp\/v2\/types\/post"}],"author":[{"embeddable":true,"href":"https:\/\/www.ayuntamientodeharia.com\/haria\/wp-json\/wp\/v2\/users\/13"}],"replies":[{"embeddable":true,"href":"https:\/\/www.ayuntamientodeharia.com\/haria\/wp-json\/wp\/v2\/comments?post=23608"}],"version-history":[{"count":1,"href":"https:\/\/www.ayuntamientodeharia.com\/haria\/wp-json\/wp\/v2\/posts\/23608\/revisions"}],"predecessor-version":[{"id":23610,"href":"https:\/\/www.ayuntamientodeharia.com\/haria\/wp-json\/wp\/v2\/posts\/23608\/revisions\/23610"}],"wp:featuredmedia":[{"embeddable":true,"href":"https:\/\/www.ayuntamientodeharia.com\/haria\/wp-json\/wp\/v2\/media\/23609"}],"wp:attachment":[{"href":"https:\/\/www.ayuntamientodeharia.com\/haria\/wp-json\/wp\/v2\/media?parent=23608"}],"wp:term":[{"taxonomy":"category","embeddable":true,"href":"https:\/\/www.ayuntamientodeharia.com\/haria\/wp-json\/wp\/v2\/categories?post=23608"},{"taxonomy":"post_tag","embeddable":true,"href":"https:\/\/www.ayuntamientodeharia.com\/haria\/wp-json\/wp\/v2\/tags?post=23608"}],"curies":[{"name":"wp","href":"https:\/\/api.w.org\/{rel}","templated":true}]}}