{"id":23574,"date":"2022-09-16T13:22:52","date_gmt":"2022-09-16T12:22:52","guid":{"rendered":"https:\/\/www.ayuntamientodeharia.com\/haria\/?p=23574"},"modified":"2022-09-16T13:22:52","modified_gmt":"2022-09-16T12:22:52","slug":"decenas-de-mayores-de-haria-participan-en-la-tradicional-visita-a-los-dolores-y-a-la-feria-de-artesania","status":"publish","type":"post","link":"https:\/\/www.ayuntamientodeharia.com\/haria\/decenas-de-mayores-de-haria-participan-en-la-tradicional-visita-a-los-dolores-y-a-la-feria-de-artesania\/","title":{"rendered":"Decenas de mayores de Har\u00eda participan en la tradicional visita a Los Dolores y a la Feria de Artesan\u00eda"},"content":{"rendered":"<p>Las personas mayores de Har\u00eda vuelven un a\u00f1o m\u00e1s a disfrutar de las Fiestas de Los Dolores. Decenas de usuarios y usuarias del Centro de Mayores del municipio tomaron parte este mi\u00e9rcoles en la visita a Los Dolores y a la Feria de Artesan\u00eda de Mancha Blanca.<\/p>\n<p>Los participantes realizaron ofrendas a la Virgen y tuvieron un espacio de oraci\u00f3n. Adem\u00e1s, estos disfrutaron de un tradicional enyesque en su visita a la Feria, con productos locales expuestos en stands del evento.<\/p>\n<p>Para finalizar la ma\u00f1ana, los mayores compartieron un almuerzo organizado en el Restaurante Los Dolores.<\/p>\n","protected":false},"excerpt":{"rendered":"<p>Las personas mayores de Har\u00eda vuelven un a\u00f1o m\u00e1s a disfrutar de las Fiestas de Los Dolores. Decenas de usuarios y usuarias del Centro de Mayores del municipio tomaron parte este mi\u00e9rcoles en la visita a Los Dolores y a la Feria de Artesan\u00eda de Mancha Blanca. Los participantes realizaron ofrendas a la Virgen y [&hellip;]<\/p>\n","protected":false},"author":13,"featured_media":23575,"comment_status":"closed","ping_status":"closed","sticky":false,"template":"","format":"standard","meta":{"footnotes":""},"categories":[73,187,425,11],"tags":[],"class_list":["post-23574","post","type-post","status-publish","format-standard","has-post-thumbnail","hentry","category-alcaldia","category-bienestar-social","category-destacado","category-hoja-de-haria"],"_links":{"self":[{"href":"https:\/\/www.ayuntamientodeharia.com\/haria\/wp-json\/wp\/v2\/posts\/23574","targetHints":{"allow":["GET"]}}],"collection":[{"href":"https:\/\/www.ayuntamientodeharia.com\/haria\/wp-json\/wp\/v2\/posts"}],"about":[{"href":"https:\/\/www.ayuntamientodeharia.com\/haria\/wp-json\/wp\/v2\/types\/post"}],"author":[{"embeddable":true,"href":"https:\/\/www.ayuntamientodeharia.com\/haria\/wp-json\/wp\/v2\/users\/13"}],"replies":[{"embeddable":true,"href":"https:\/\/www.ayuntamientodeharia.com\/haria\/wp-json\/wp\/v2\/comments?post=23574"}],"version-history":[{"count":2,"href":"https:\/\/www.ayuntamientodeharia.com\/haria\/wp-json\/wp\/v2\/posts\/23574\/revisions"}],"predecessor-version":[{"id":23577,"href":"https:\/\/www.ayuntamientodeharia.com\/haria\/wp-json\/wp\/v2\/posts\/23574\/revisions\/23577"}],"wp:featuredmedia":[{"embeddable":true,"href":"https:\/\/www.ayuntamientodeharia.com\/haria\/wp-json\/wp\/v2\/media\/23575"}],"wp:attachment":[{"href":"https:\/\/www.ayuntamientodeharia.com\/haria\/wp-json\/wp\/v2\/media?parent=23574"}],"wp:term":[{"taxonomy":"category","embeddable":true,"href":"https:\/\/www.ayuntamientodeharia.com\/haria\/wp-json\/wp\/v2\/categories?post=23574"},{"taxonomy":"post_tag","embeddable":true,"href":"https:\/\/www.ayuntamientodeharia.com\/haria\/wp-json\/wp\/v2\/tags?post=23574"}],"curies":[{"name":"wp","href":"https:\/\/api.w.org\/{rel}","templated":true}]}}