{"id":23571,"date":"2022-09-16T13:21:43","date_gmt":"2022-09-16T12:21:43","guid":{"rendered":"https:\/\/www.ayuntamientodeharia.com\/haria\/?p=23571"},"modified":"2022-09-16T13:21:43","modified_gmt":"2022-09-16T12:21:43","slug":"ayuntamiento-y-cabildo-invitan-a-las-empresas-del-sector-turistico-del-municipio-a-la-presentacion-de-un-proyecto-orientado-a-mejorar-la-calidad-y-competitividad-de-su-oferta-complementaria","status":"publish","type":"post","link":"https:\/\/www.ayuntamientodeharia.com\/haria\/ayuntamiento-y-cabildo-invitan-a-las-empresas-del-sector-turistico-del-municipio-a-la-presentacion-de-un-proyecto-orientado-a-mejorar-la-calidad-y-competitividad-de-su-oferta-complementaria\/","title":{"rendered":"Ayuntamiento y Cabildo invitan a las empresas del sector tur\u00edstico del municipio a la presentaci\u00f3n de un proyecto orientado a mejorar la calidad y competitividad de su oferta complementaria"},"content":{"rendered":"<p>El Ayuntamiento de Har\u00eda y el Cabildo de Lanzarote invitan al sector empresarial del municipio a la presentaci\u00f3n del proyecto de \u201cConsultor\u00edas de Innovaci\u00f3n y Calidad de la Oferta Complementaria\u201d.<\/p>\n<p>Dicho proyecto est\u00e1 dirigido a apoyar la mejora competitiva de las empresas del sector tur\u00edstico en los campos de la restauraci\u00f3n, el ocio o el comercio, entre otros, y se enmarca en el PLAN DE SOSTENIBILIDAD TUR\u00cdSTICA, \u201cLANZAROTE, LA ENERG\u00cdA DE LA TIERRA\u201d, promovido por la Secretar\u00eda del Estado de Turismo, el Gobierno de Canarias y el Cabildo de Lanzarote.<\/p>\n<p>La sesi\u00f3n tendr\u00e1 lugar el pr\u00f3ximo 20 de septiembre a las 19:30 horas, en la Sala de Exposiciones \u2018El Aljibe\u2019, durante la cual se expondr\u00e1n los objetivos del proyecto y las l\u00edneas de ayudas previstas a los empresarios del sector, as\u00ed como la manera de acceder a estas.<\/p>\n<p>Se ruega confirmaci\u00f3n de asistencia en el correo\u00a0<a href=\"mailto:jdcabrera@turismolanzarote.com\">jdcabrera@turismolanzarote.com<\/a>\u00a0a trav\u00e9s del enlace que podr\u00e1n encontrar en la web del Ayuntamiento, donde deber\u00e1n rellenar el correspondiente formulario con sus datos personales y de contacto.<\/p>\n","protected":false},"excerpt":{"rendered":"<p>El Ayuntamiento de Har\u00eda y el Cabildo de Lanzarote invitan al sector empresarial del municipio a la presentaci\u00f3n del proyecto de \u201cConsultor\u00edas de Innovaci\u00f3n y Calidad de la Oferta Complementaria\u201d. Dicho proyecto est\u00e1 dirigido a apoyar la mejora competitiva de las empresas del sector tur\u00edstico en los campos de la restauraci\u00f3n, el ocio o el [&hellip;]<\/p>\n","protected":false},"author":13,"featured_media":23572,"comment_status":"closed","ping_status":"closed","sticky":false,"template":"","format":"standard","meta":{"footnotes":""},"categories":[32,11],"tags":[],"class_list":["post-23571","post","type-post","status-publish","format-standard","has-post-thumbnail","hentry","category-anuncios","category-hoja-de-haria"],"_links":{"self":[{"href":"https:\/\/www.ayuntamientodeharia.com\/haria\/wp-json\/wp\/v2\/posts\/23571","targetHints":{"allow":["GET"]}}],"collection":[{"href":"https:\/\/www.ayuntamientodeharia.com\/haria\/wp-json\/wp\/v2\/posts"}],"about":[{"href":"https:\/\/www.ayuntamientodeharia.com\/haria\/wp-json\/wp\/v2\/types\/post"}],"author":[{"embeddable":true,"href":"https:\/\/www.ayuntamientodeharia.com\/haria\/wp-json\/wp\/v2\/users\/13"}],"replies":[{"embeddable":true,"href":"https:\/\/www.ayuntamientodeharia.com\/haria\/wp-json\/wp\/v2\/comments?post=23571"}],"version-history":[{"count":1,"href":"https:\/\/www.ayuntamientodeharia.com\/haria\/wp-json\/wp\/v2\/posts\/23571\/revisions"}],"predecessor-version":[{"id":23573,"href":"https:\/\/www.ayuntamientodeharia.com\/haria\/wp-json\/wp\/v2\/posts\/23571\/revisions\/23573"}],"wp:featuredmedia":[{"embeddable":true,"href":"https:\/\/www.ayuntamientodeharia.com\/haria\/wp-json\/wp\/v2\/media\/23572"}],"wp:attachment":[{"href":"https:\/\/www.ayuntamientodeharia.com\/haria\/wp-json\/wp\/v2\/media?parent=23571"}],"wp:term":[{"taxonomy":"category","embeddable":true,"href":"https:\/\/www.ayuntamientodeharia.com\/haria\/wp-json\/wp\/v2\/categories?post=23571"},{"taxonomy":"post_tag","embeddable":true,"href":"https:\/\/www.ayuntamientodeharia.com\/haria\/wp-json\/wp\/v2\/tags?post=23571"}],"curies":[{"name":"wp","href":"https:\/\/api.w.org\/{rel}","templated":true}]}}