{"id":23568,"date":"2022-09-16T13:18:02","date_gmt":"2022-09-16T12:18:02","guid":{"rendered":"https:\/\/www.ayuntamientodeharia.com\/haria\/?p=23568"},"modified":"2022-09-16T13:28:31","modified_gmt":"2022-09-16T12:28:31","slug":"comienzan-las-fiestas-de-nuestra-senora-de-las-mercedes-2022-de-mala","status":"publish","type":"post","link":"https:\/\/www.ayuntamientodeharia.com\/haria\/comienzan-las-fiestas-de-nuestra-senora-de-las-mercedes-2022-de-mala\/","title":{"rendered":"Comienzan las Fiestas de Nuestra Se\u00f1ora de Las Mercedes 2022 de Mala"},"content":{"rendered":"<p>El pueblo de Mala ya est\u00e1 preparado para sus fiestas. El Ayuntamiento de Har\u00eda presenta la programaci\u00f3n de las Fiestas de Nuestra Se\u00f1ora de Las Mercedes de Mala, en el que se incluyen los actos que se celebrar\u00e1n desde este viernes, 16 de septiembre, hasta el 18 de septiembre.<\/p>\n<p><strong>PROGRAMACI\u00d3N<\/strong><\/p>\n<p><strong>VIERNES, 16 DE SEPTIEMBRE<\/strong><\/p>\n<p>19:00h. Campeonato de Truco<\/p>\n<p>21:00h. Play Back infantil y juvenil<\/p>\n<p><strong>S\u00c1BADO, 17 DE SEPTIEMBRE<\/strong><\/p>\n<p>11:00h. Juegos infantiles<\/p>\n<p>17:30h. Concurso de bizcoch\u00f3n<\/p>\n<p>18:30h. Bingo Sorpresa<\/p>\n<p>19:00h. Comienzo del campeonato de Bola Mixta<\/p>\n<p><strong>DOMINGO, 18 DE SEPTIEMBRE<\/strong><\/p>\n<p>11:00h. Talleres infantiles<\/p>\n<p>18:00h. M\u00e1ster Class de Zumba<\/p>\n<p>18:30h. Continuaci\u00f3n del campeonato de Bola Mixta<\/p>\n<p>21:00h. Teatro a cargo del grupo Ra\u00edces del Pueblo con la obra La casa del Senador.<\/p>\n<p><strong>JUEVES, 22 DE SEPTIEMBRE<\/strong><\/p>\n<p>19:00h. Sorteo y comienzo del Campeonato de Ronda<br \/>\n21:00h. Pase de modelos tienda \u201cTop Queen\u201d y actuaci\u00f3n de la Escuela de danza Daniel de la Rosa<\/p>\n<p><strong>VIERNES, 23 DE SEPTIEMBRE<\/strong><\/p>\n<p>20:30h. \u201cLa Mesa Parrandera\u201d. Decora tu mesa, trae picoteo y nosotros ponemos la garbanzada. Actuaci\u00f3n de las parrandas Son de Mar, Ra\u00edces y Son del Norte. Premio a la mejor mesa decorada. Reserva tu mesa: 676862823. Participa con la vestimenta t\u00edpica canaria.<\/p>\n<p><strong>S\u00c1BADO, 24 DE SEPTIEMBRE<\/strong><\/p>\n<p>11:00h. Juegos infantiles<br \/>\n19:00h. Misa y procesi\u00f3n con el coro Alborada Pe\u00f1a Lentisco y la Banda Musical de Teguise<br \/>\n21:00h. Play Back Adultos \u201cLa Voz\u201d<br \/>\n23:00h. Verbena con Swing del Norte y Nueva Stella<\/p>\n<p><strong>DOMINGO, 25 DE SEPTIEMBRE<\/strong><\/p>\n<p>11:00h. Fiesta del agua y espuma con m\u00fasica DJ<br \/>\n21:00h. Gran Musical \u201cThe Magic Door\u201d<\/p>\n","protected":false},"excerpt":{"rendered":"<p>El pueblo de Mala ya est\u00e1 preparado para sus fiestas. El Ayuntamiento de Har\u00eda presenta la programaci\u00f3n de las Fiestas de Nuestra Se\u00f1ora de Las Mercedes de Mala, en el que se incluyen los actos que se celebrar\u00e1n desde este viernes, 16 de septiembre, hasta el 18 de septiembre. PROGRAMACI\u00d3N VIERNES, 16 DE SEPTIEMBRE 19:00h. [&hellip;]<\/p>\n","protected":false},"author":13,"featured_media":23569,"comment_status":"closed","ping_status":"closed","sticky":false,"template":"","format":"standard","meta":{"footnotes":""},"categories":[32,425,15,11],"tags":[],"class_list":["post-23568","post","type-post","status-publish","format-standard","has-post-thumbnail","hentry","category-anuncios","category-destacado","category-festejos","category-hoja-de-haria"],"_links":{"self":[{"href":"https:\/\/www.ayuntamientodeharia.com\/haria\/wp-json\/wp\/v2\/posts\/23568","targetHints":{"allow":["GET"]}}],"collection":[{"href":"https:\/\/www.ayuntamientodeharia.com\/haria\/wp-json\/wp\/v2\/posts"}],"about":[{"href":"https:\/\/www.ayuntamientodeharia.com\/haria\/wp-json\/wp\/v2\/types\/post"}],"author":[{"embeddable":true,"href":"https:\/\/www.ayuntamientodeharia.com\/haria\/wp-json\/wp\/v2\/users\/13"}],"replies":[{"embeddable":true,"href":"https:\/\/www.ayuntamientodeharia.com\/haria\/wp-json\/wp\/v2\/comments?post=23568"}],"version-history":[{"count":1,"href":"https:\/\/www.ayuntamientodeharia.com\/haria\/wp-json\/wp\/v2\/posts\/23568\/revisions"}],"predecessor-version":[{"id":23570,"href":"https:\/\/www.ayuntamientodeharia.com\/haria\/wp-json\/wp\/v2\/posts\/23568\/revisions\/23570"}],"wp:featuredmedia":[{"embeddable":true,"href":"https:\/\/www.ayuntamientodeharia.com\/haria\/wp-json\/wp\/v2\/media\/23569"}],"wp:attachment":[{"href":"https:\/\/www.ayuntamientodeharia.com\/haria\/wp-json\/wp\/v2\/media?parent=23568"}],"wp:term":[{"taxonomy":"category","embeddable":true,"href":"https:\/\/www.ayuntamientodeharia.com\/haria\/wp-json\/wp\/v2\/categories?post=23568"},{"taxonomy":"post_tag","embeddable":true,"href":"https:\/\/www.ayuntamientodeharia.com\/haria\/wp-json\/wp\/v2\/tags?post=23568"}],"curies":[{"name":"wp","href":"https:\/\/api.w.org\/{rel}","templated":true}]}}