{"id":23515,"date":"2022-09-02T11:26:08","date_gmt":"2022-09-02T10:26:08","guid":{"rendered":"https:\/\/www.ayuntamientodeharia.com\/haria\/?p=23515"},"modified":"2022-09-02T11:26:08","modified_gmt":"2022-09-02T10:26:08","slug":"bienestar-social-organiza-la-tradicional-visita-a-los-dolores-y-a-la-feria-de-artesania-para-personas-mayores-de-haria","status":"publish","type":"post","link":"https:\/\/www.ayuntamientodeharia.com\/haria\/bienestar-social-organiza-la-tradicional-visita-a-los-dolores-y-a-la-feria-de-artesania-para-personas-mayores-de-haria\/","title":{"rendered":"Bienestar Social organiza la tradicional visita a Los Dolores y a la Feria de Artesan\u00eda para personas mayores de Har\u00eda"},"content":{"rendered":"<p>Las personas mayores de Har\u00eda volver\u00e1n un a\u00f1o m\u00e1s a disfrutar de las Fiestas de Los Dolores. El Ayuntamiento, a trav\u00e9s de la Concejal\u00eda de Bienestar Social, que coordina Jos\u00e9 Torres Stinga, organizar\u00e1 el pr\u00f3ximo 14 de septiembre, a partir de las 10:00 horas, la tradicional visita a Los Dolores y a la Feria de Artesan\u00eda de Mancha Blanca.<\/p>\n<p>Las guaguas dispuestas por el Consistorios partir\u00e1n de los diferentes pueblos de Har\u00eda a partir de las 10:00 horas con destino a Mancha Blanca, donde visitar\u00e1n la Feria de Artesan\u00eda y a la Virgen de Los Dolores. A continuaci\u00f3n, se ofrecer\u00e1 un almuerzo en el Restaurante Los Dolores.<\/p>\n<p>El precio de la excursi\u00f3n ser\u00e1 de 15 euros y los interesados pueden apuntarse a trav\u00e9s del tel\u00e9fono del \u00c1rea de Mayores del Ayuntamiento de Har\u00eda, 928 835 633, en horario de 9:00 a 14:00 horas, hasta completar el aforo m\u00e1ximo.<\/p>\n","protected":false},"excerpt":{"rendered":"<p>Las personas mayores de Har\u00eda volver\u00e1n un a\u00f1o m\u00e1s a disfrutar de las Fiestas de Los Dolores. El Ayuntamiento, a trav\u00e9s de la Concejal\u00eda de Bienestar Social, que coordina Jos\u00e9 Torres Stinga, organizar\u00e1 el pr\u00f3ximo 14 de septiembre, a partir de las 10:00 horas, la tradicional visita a Los Dolores y a la Feria de [&hellip;]<\/p>\n","protected":false},"author":13,"featured_media":23516,"comment_status":"closed","ping_status":"closed","sticky":false,"template":"","format":"standard","meta":{"footnotes":""},"categories":[32,187,425,11],"tags":[],"class_list":["post-23515","post","type-post","status-publish","format-standard","has-post-thumbnail","hentry","category-anuncios","category-bienestar-social","category-destacado","category-hoja-de-haria"],"_links":{"self":[{"href":"https:\/\/www.ayuntamientodeharia.com\/haria\/wp-json\/wp\/v2\/posts\/23515","targetHints":{"allow":["GET"]}}],"collection":[{"href":"https:\/\/www.ayuntamientodeharia.com\/haria\/wp-json\/wp\/v2\/posts"}],"about":[{"href":"https:\/\/www.ayuntamientodeharia.com\/haria\/wp-json\/wp\/v2\/types\/post"}],"author":[{"embeddable":true,"href":"https:\/\/www.ayuntamientodeharia.com\/haria\/wp-json\/wp\/v2\/users\/13"}],"replies":[{"embeddable":true,"href":"https:\/\/www.ayuntamientodeharia.com\/haria\/wp-json\/wp\/v2\/comments?post=23515"}],"version-history":[{"count":2,"href":"https:\/\/www.ayuntamientodeharia.com\/haria\/wp-json\/wp\/v2\/posts\/23515\/revisions"}],"predecessor-version":[{"id":23518,"href":"https:\/\/www.ayuntamientodeharia.com\/haria\/wp-json\/wp\/v2\/posts\/23515\/revisions\/23518"}],"wp:featuredmedia":[{"embeddable":true,"href":"https:\/\/www.ayuntamientodeharia.com\/haria\/wp-json\/wp\/v2\/media\/23516"}],"wp:attachment":[{"href":"https:\/\/www.ayuntamientodeharia.com\/haria\/wp-json\/wp\/v2\/media?parent=23515"}],"wp:term":[{"taxonomy":"category","embeddable":true,"href":"https:\/\/www.ayuntamientodeharia.com\/haria\/wp-json\/wp\/v2\/categories?post=23515"},{"taxonomy":"post_tag","embeddable":true,"href":"https:\/\/www.ayuntamientodeharia.com\/haria\/wp-json\/wp\/v2\/tags?post=23515"}],"curies":[{"name":"wp","href":"https:\/\/api.w.org\/{rel}","templated":true}]}}