{"id":23507,"date":"2022-09-02T11:23:31","date_gmt":"2022-09-02T10:23:31","guid":{"rendered":"https:\/\/www.ayuntamientodeharia.com\/haria\/?p=23507"},"modified":"2022-09-02T11:23:31","modified_gmt":"2022-09-02T10:23:31","slug":"vuelven-las-camicharlas","status":"publish","type":"post","link":"https:\/\/www.ayuntamientodeharia.com\/haria\/vuelven-las-camicharlas\/","title":{"rendered":"Vuelven las \u2018Camicharlas\u2019"},"content":{"rendered":"<p>Una nueva edici\u00f3n de las \u2018Camicharlas\u2019 se celebrar\u00e1 en Har\u00eda el pr\u00f3ximo mi\u00e9rcoles, 7 de septiembre. Vuelven estas caminatas de una hora y media que pretenden sumar 200 kil\u00f3metros cada a\u00f1o conociendo distintos rincones del municipio.<\/p>\n<p>La caminata se celebrar\u00e1 de 16:30 a 18:00 horas y el plazo de inscripci\u00f3n estar\u00e1 abierto a partir del lunes, 5 de septiembre, a trav\u00e9s de la Agenda de la web culturedharia.com.<\/p>\n","protected":false},"excerpt":{"rendered":"<p>Una nueva edici\u00f3n de las \u2018Camicharlas\u2019 se celebrar\u00e1 en Har\u00eda el pr\u00f3ximo mi\u00e9rcoles, 7 de septiembre. Vuelven estas caminatas de una hora y media que pretenden sumar 200 kil\u00f3metros cada a\u00f1o conociendo distintos rincones del municipio. La caminata se celebrar\u00e1 de 16:30 a 18:00 horas y el plazo de inscripci\u00f3n estar\u00e1 abierto a partir del [&hellip;]<\/p>\n","protected":false},"author":13,"featured_media":23508,"comment_status":"closed","ping_status":"closed","sticky":false,"template":"","format":"standard","meta":{"footnotes":""},"categories":[16,11],"tags":[],"class_list":["post-23507","post","type-post","status-publish","format-standard","has-post-thumbnail","hentry","category-cultura","category-hoja-de-haria"],"_links":{"self":[{"href":"https:\/\/www.ayuntamientodeharia.com\/haria\/wp-json\/wp\/v2\/posts\/23507","targetHints":{"allow":["GET"]}}],"collection":[{"href":"https:\/\/www.ayuntamientodeharia.com\/haria\/wp-json\/wp\/v2\/posts"}],"about":[{"href":"https:\/\/www.ayuntamientodeharia.com\/haria\/wp-json\/wp\/v2\/types\/post"}],"author":[{"embeddable":true,"href":"https:\/\/www.ayuntamientodeharia.com\/haria\/wp-json\/wp\/v2\/users\/13"}],"replies":[{"embeddable":true,"href":"https:\/\/www.ayuntamientodeharia.com\/haria\/wp-json\/wp\/v2\/comments?post=23507"}],"version-history":[{"count":2,"href":"https:\/\/www.ayuntamientodeharia.com\/haria\/wp-json\/wp\/v2\/posts\/23507\/revisions"}],"predecessor-version":[{"id":23510,"href":"https:\/\/www.ayuntamientodeharia.com\/haria\/wp-json\/wp\/v2\/posts\/23507\/revisions\/23510"}],"wp:featuredmedia":[{"embeddable":true,"href":"https:\/\/www.ayuntamientodeharia.com\/haria\/wp-json\/wp\/v2\/media\/23508"}],"wp:attachment":[{"href":"https:\/\/www.ayuntamientodeharia.com\/haria\/wp-json\/wp\/v2\/media?parent=23507"}],"wp:term":[{"taxonomy":"category","embeddable":true,"href":"https:\/\/www.ayuntamientodeharia.com\/haria\/wp-json\/wp\/v2\/categories?post=23507"},{"taxonomy":"post_tag","embeddable":true,"href":"https:\/\/www.ayuntamientodeharia.com\/haria\/wp-json\/wp\/v2\/tags?post=23507"}],"curies":[{"name":"wp","href":"https:\/\/api.w.org\/{rel}","templated":true}]}}