{"id":23504,"date":"2022-09-02T11:21:01","date_gmt":"2022-09-02T10:21:01","guid":{"rendered":"https:\/\/www.ayuntamientodeharia.com\/haria\/?p=23504"},"modified":"2022-09-02T11:21:01","modified_gmt":"2022-09-02T10:21:01","slug":"el-punto-joven-presenta-una-agenda-llena-de-actividades-para-el-mes-de-septiembre","status":"publish","type":"post","link":"https:\/\/www.ayuntamientodeharia.com\/haria\/el-punto-joven-presenta-una-agenda-llena-de-actividades-para-el-mes-de-septiembre\/","title":{"rendered":"El Punto Joven presenta una agenda llena de actividades para el mes de septiembre"},"content":{"rendered":"<p>El Departamento de Juventud del Ayuntamiento de Har\u00eda, que coordina Evelia Garc\u00eda, vuelve en septiembre tras un par\u00f3n veraniego con una agenda llena de actividades, proyectos y sorpresas.<\/p>\n<p>El pr\u00f3ximo lunes, 5 de septiembre, se retoman las clases de skate, a trav\u00e9s del proyecto\u00a0\u201cSkuela de Skate Har\u00eda 2022\u2033. Las clases ser\u00e1n\u00a0todos\u00a0los lunes, en dos turnos, de 17:00 a 18:00 horas y de 18:00 a 19:00 horas,\u00a0en la Rampa de Skate ubicada en la Playa de La Garita, en Arrieta. Los dos grupos de Skate tienen plazas limitadas y control de aforo. Actualmente existen plazas disponibles.<\/p>\n<p>El s\u00e1bado, 10 de septiembre, vuelven las clases de circo a\u00e9reo\u00a0con el proyecto \u2018Escuela Municipal de Circo Har\u00eda 2022\u2019. Las clases ser\u00e1n todos los s\u00e1bados, de 11:00 a 13:00 horas, en el C.S. C. La\u00a0Garita,\u00a0en Arrieta.\u00a0Actualmente existen plazas disponibles.<\/p>\n<p>Todos los domingos, entre las 8:00 y las 13:00 horas,\u00a0contin\u00faa el proyecto \u2018Escuela de Surf y Bodyboard Har\u00eda 2022\u2019, que se lleva a cabo en diferentes playas de Har\u00eda.\u00a0Actualmente hay plazas disponibles.<\/p>\n<p>En el marco de este proyecto, est\u00e1 pendiente la ejecuci\u00f3n de los dos campeonatos de Surf y Bodyboard Junior pertenecientes al\u00a0\u00abV Circuito\u00a0Promesas Surfing Har\u00eda 2022\u201d.<\/p>\n<p>El lunes, 12 de septiembre, se abre el plazo de matr\u00edcula para el curso 2022\/23 de la Escuela Municipal de Ense\u00f1anzas Musicales, que dar\u00e1 comienzo el 3 de octubre en las instalaciones ubicadas en las antiguas escuelas de M\u00e1guez.<\/p>\n<p>El mismo d\u00eda comienza el proyecto \u2018Recr\u00e9ate \u2013 Actividades complementarias y extraescolares 2022\/23 &#8211; Plan de Dinamizaci\u00f3n de Recreos, Actividades Complementarias y Actividades Extraescolares en el I.E.S. Har\u00eda y en los CEIP de Har\u00eda\u2019.\u00a0Estas son las\u00a0acciones conjuntas a realizar a lo largo del curso escolar entre el IES Har\u00eda, los colegios del municipio y el Departamento de Juventud\u00a0durante el pr\u00f3ximo curso.<\/p>\n<p>El martes, 13 de septiembre, arranca el proyecto \u2018Escuela Municipal de Voleibol Har\u00eda 2022\/23\u2019.\u00a0Las clases de\u00a0Voleibol Har\u00eda van a ser en horario de tarde en el Pabell\u00f3n del IES Har\u00eda.<\/p>\n<p>Para m\u00e1s de informaci\u00f3n e\u00a0inscripci\u00f3n en las actividades, visite la agenda de la web\u00a0juventudharia.es,\u00a0contactar en el tel\u00e9fono 637893535 o en el correo\u00a0<a href=\"mailto:juventud@ayuntamientodeharia.com\">juventud@ayuntamientodeharia.com<\/a>.<\/p>\n","protected":false},"excerpt":{"rendered":"<p>El Departamento de Juventud del Ayuntamiento de Har\u00eda, que coordina Evelia Garc\u00eda, vuelve en septiembre tras un par\u00f3n veraniego con una agenda llena de actividades, proyectos y sorpresas. El pr\u00f3ximo lunes, 5 de septiembre, se retoman las clases de skate, a trav\u00e9s del proyecto\u00a0\u201cSkuela de Skate Har\u00eda 2022\u2033. Las clases ser\u00e1n\u00a0todos\u00a0los lunes, en dos turnos, [&hellip;]<\/p>\n","protected":false},"author":13,"featured_media":23505,"comment_status":"closed","ping_status":"closed","sticky":false,"template":"","format":"standard","meta":{"footnotes":""},"categories":[32,11,25],"tags":[],"class_list":["post-23504","post","type-post","status-publish","format-standard","has-post-thumbnail","hentry","category-anuncios","category-hoja-de-haria","category-juventud"],"_links":{"self":[{"href":"https:\/\/www.ayuntamientodeharia.com\/haria\/wp-json\/wp\/v2\/posts\/23504","targetHints":{"allow":["GET"]}}],"collection":[{"href":"https:\/\/www.ayuntamientodeharia.com\/haria\/wp-json\/wp\/v2\/posts"}],"about":[{"href":"https:\/\/www.ayuntamientodeharia.com\/haria\/wp-json\/wp\/v2\/types\/post"}],"author":[{"embeddable":true,"href":"https:\/\/www.ayuntamientodeharia.com\/haria\/wp-json\/wp\/v2\/users\/13"}],"replies":[{"embeddable":true,"href":"https:\/\/www.ayuntamientodeharia.com\/haria\/wp-json\/wp\/v2\/comments?post=23504"}],"version-history":[{"count":1,"href":"https:\/\/www.ayuntamientodeharia.com\/haria\/wp-json\/wp\/v2\/posts\/23504\/revisions"}],"predecessor-version":[{"id":23506,"href":"https:\/\/www.ayuntamientodeharia.com\/haria\/wp-json\/wp\/v2\/posts\/23504\/revisions\/23506"}],"wp:featuredmedia":[{"embeddable":true,"href":"https:\/\/www.ayuntamientodeharia.com\/haria\/wp-json\/wp\/v2\/media\/23505"}],"wp:attachment":[{"href":"https:\/\/www.ayuntamientodeharia.com\/haria\/wp-json\/wp\/v2\/media?parent=23504"}],"wp:term":[{"taxonomy":"category","embeddable":true,"href":"https:\/\/www.ayuntamientodeharia.com\/haria\/wp-json\/wp\/v2\/categories?post=23504"},{"taxonomy":"post_tag","embeddable":true,"href":"https:\/\/www.ayuntamientodeharia.com\/haria\/wp-json\/wp\/v2\/tags?post=23504"}],"curies":[{"name":"wp","href":"https:\/\/api.w.org\/{rel}","templated":true}]}}