{"id":23466,"date":"2022-08-26T13:03:04","date_gmt":"2022-08-26T12:03:04","guid":{"rendered":"https:\/\/www.ayuntamientodeharia.com\/haria\/?p=23466"},"modified":"2022-08-26T13:03:04","modified_gmt":"2022-08-26T12:03:04","slug":"continua-abierto-el-plazo-de-matricula-para-la-escuela-de-teatro-de-haria","status":"publish","type":"post","link":"https:\/\/www.ayuntamientodeharia.com\/haria\/continua-abierto-el-plazo-de-matricula-para-la-escuela-de-teatro-de-haria\/","title":{"rendered":"Contin\u00faa abierto el plazo de matr\u00edcula para la Escuela de Teatro de Har\u00eda"},"content":{"rendered":"<p>La Concejal\u00eda de Cultura del Ayuntamiento de Har\u00eda recuerda que el plazo de matr\u00edcula para solicitar plaza en la Escuela de Teatro municipal contin\u00faa abierto. Este finalizar\u00e1 el pr\u00f3ximo 2 de septiembre.<\/p>\n<p>En esta segunda fase, las clases tendr\u00e1n lugar entre los meses de septiembre a enero de 2023, en la Sala Teatro \u2018La Tegala\u2019. Estas ser\u00e1n dos veces a la semana, lunes y mi\u00e9rcoles de 18 a 20 horas, hasta completar 38 sesiones. La intenci\u00f3n es desarrollar, de manera adecuada, la competencia de conciencia y expresi\u00f3n cultural, fomentando el aprendizaje o autoaprendizaje y el aprendizaje cooperativo.<\/p>\n<p>El formulario de inscripci\u00f3n se encuentra en la p\u00e1gina web de Cultura, \u00a0<a href=\"http:\/\/www.culturedharia.com\/\">www.culturedharia.com<\/a>.<\/p>\n","protected":false},"excerpt":{"rendered":"<p>La Concejal\u00eda de Cultura del Ayuntamiento de Har\u00eda recuerda que el plazo de matr\u00edcula para solicitar plaza en la Escuela de Teatro municipal contin\u00faa abierto. Este finalizar\u00e1 el pr\u00f3ximo 2 de septiembre. En esta segunda fase, las clases tendr\u00e1n lugar entre los meses de septiembre a enero de 2023, en la Sala Teatro \u2018La Tegala\u2019. [&hellip;]<\/p>\n","protected":false},"author":13,"featured_media":23467,"comment_status":"closed","ping_status":"closed","sticky":false,"template":"","format":"standard","meta":{"footnotes":""},"categories":[16,11],"tags":[],"class_list":["post-23466","post","type-post","status-publish","format-standard","has-post-thumbnail","hentry","category-cultura","category-hoja-de-haria"],"_links":{"self":[{"href":"https:\/\/www.ayuntamientodeharia.com\/haria\/wp-json\/wp\/v2\/posts\/23466","targetHints":{"allow":["GET"]}}],"collection":[{"href":"https:\/\/www.ayuntamientodeharia.com\/haria\/wp-json\/wp\/v2\/posts"}],"about":[{"href":"https:\/\/www.ayuntamientodeharia.com\/haria\/wp-json\/wp\/v2\/types\/post"}],"author":[{"embeddable":true,"href":"https:\/\/www.ayuntamientodeharia.com\/haria\/wp-json\/wp\/v2\/users\/13"}],"replies":[{"embeddable":true,"href":"https:\/\/www.ayuntamientodeharia.com\/haria\/wp-json\/wp\/v2\/comments?post=23466"}],"version-history":[{"count":1,"href":"https:\/\/www.ayuntamientodeharia.com\/haria\/wp-json\/wp\/v2\/posts\/23466\/revisions"}],"predecessor-version":[{"id":23468,"href":"https:\/\/www.ayuntamientodeharia.com\/haria\/wp-json\/wp\/v2\/posts\/23466\/revisions\/23468"}],"wp:featuredmedia":[{"embeddable":true,"href":"https:\/\/www.ayuntamientodeharia.com\/haria\/wp-json\/wp\/v2\/media\/23467"}],"wp:attachment":[{"href":"https:\/\/www.ayuntamientodeharia.com\/haria\/wp-json\/wp\/v2\/media?parent=23466"}],"wp:term":[{"taxonomy":"category","embeddable":true,"href":"https:\/\/www.ayuntamientodeharia.com\/haria\/wp-json\/wp\/v2\/categories?post=23466"},{"taxonomy":"post_tag","embeddable":true,"href":"https:\/\/www.ayuntamientodeharia.com\/haria\/wp-json\/wp\/v2\/tags?post=23466"}],"curies":[{"name":"wp","href":"https:\/\/api.w.org\/{rel}","templated":true}]}}