{"id":23417,"date":"2022-08-12T14:24:18","date_gmt":"2022-08-12T13:24:18","guid":{"rendered":"https:\/\/www.ayuntamientodeharia.com\/haria\/?p=23417"},"modified":"2022-08-12T14:24:27","modified_gmt":"2022-08-12T13:24:27","slug":"exito-en-las-fiestas-de-las-nieves-2022","status":"publish","type":"post","link":"https:\/\/www.ayuntamientodeharia.com\/haria\/exito-en-las-fiestas-de-las-nieves-2022\/","title":{"rendered":"\u00c9xito en las Fiestas de Las Nieves 2022"},"content":{"rendered":"<p>El pasado fin de semana, Har\u00eda celebr\u00f3 las Fiestas en honor a Nuestra\u00a0Se\u00f1ora\u00a0de Las Nieves de 2022.<\/p>\n<p>El viernes, 5 de agosto, D\u00eda de Las Nieves, a las 7:30 horas se produjo la salida conjunta de peregrinos desde la plaza de la Constituci\u00f3n hacia la Ermita de las Nieves.<\/p>\n<p>A las 10:00 horas, los primeros feligreses pudieron participar de la Misa del Peregrino, presidida por el p\u00e1rroco de Har\u00eda,\u00a0Norberto Medina.<\/p>\n<p>A las 13 horas daba comienzo la Solemne Funci\u00f3n Religiosa en honor a Las Nieves, presidida por el Obispo Auxiliar de la Di\u00f3cesis de Canarias, Crist\u00f3bal D\u00e9niz Hern\u00e1ndez.<\/p>\n<p>La alcaldesa de Har\u00eda, Evelia Garc\u00eda, quien estuvo presente durante las ceremonias, agradeci\u00f3 la amplia participaci\u00f3n de un acto tradicional para la poblaci\u00f3n, en tanto que muchos devotos no pudieron entrar a la ermita debido a su aforo limitado.<\/p>\n","protected":false},"excerpt":{"rendered":"<p>El pasado fin de semana, Har\u00eda celebr\u00f3 las Fiestas en honor a Nuestra\u00a0Se\u00f1ora\u00a0de Las Nieves de 2022. El viernes, 5 de agosto, D\u00eda de Las Nieves, a las 7:30 horas se produjo la salida conjunta de peregrinos desde la plaza de la Constituci\u00f3n hacia la Ermita de las Nieves. A las 10:00 horas, los primeros [&hellip;]<\/p>\n","protected":false},"author":13,"featured_media":23418,"comment_status":"closed","ping_status":"closed","sticky":false,"template":"","format":"standard","meta":{"footnotes":""},"categories":[425,15,11],"tags":[],"class_list":["post-23417","post","type-post","status-publish","format-standard","has-post-thumbnail","hentry","category-destacado","category-festejos","category-hoja-de-haria"],"_links":{"self":[{"href":"https:\/\/www.ayuntamientodeharia.com\/haria\/wp-json\/wp\/v2\/posts\/23417","targetHints":{"allow":["GET"]}}],"collection":[{"href":"https:\/\/www.ayuntamientodeharia.com\/haria\/wp-json\/wp\/v2\/posts"}],"about":[{"href":"https:\/\/www.ayuntamientodeharia.com\/haria\/wp-json\/wp\/v2\/types\/post"}],"author":[{"embeddable":true,"href":"https:\/\/www.ayuntamientodeharia.com\/haria\/wp-json\/wp\/v2\/users\/13"}],"replies":[{"embeddable":true,"href":"https:\/\/www.ayuntamientodeharia.com\/haria\/wp-json\/wp\/v2\/comments?post=23417"}],"version-history":[{"count":1,"href":"https:\/\/www.ayuntamientodeharia.com\/haria\/wp-json\/wp\/v2\/posts\/23417\/revisions"}],"predecessor-version":[{"id":23419,"href":"https:\/\/www.ayuntamientodeharia.com\/haria\/wp-json\/wp\/v2\/posts\/23417\/revisions\/23419"}],"wp:featuredmedia":[{"embeddable":true,"href":"https:\/\/www.ayuntamientodeharia.com\/haria\/wp-json\/wp\/v2\/media\/23418"}],"wp:attachment":[{"href":"https:\/\/www.ayuntamientodeharia.com\/haria\/wp-json\/wp\/v2\/media?parent=23417"}],"wp:term":[{"taxonomy":"category","embeddable":true,"href":"https:\/\/www.ayuntamientodeharia.com\/haria\/wp-json\/wp\/v2\/categories?post=23417"},{"taxonomy":"post_tag","embeddable":true,"href":"https:\/\/www.ayuntamientodeharia.com\/haria\/wp-json\/wp\/v2\/tags?post=23417"}],"curies":[{"name":"wp","href":"https:\/\/api.w.org\/{rel}","templated":true}]}}