{"id":23408,"date":"2022-08-12T14:21:40","date_gmt":"2022-08-12T13:21:40","guid":{"rendered":"https:\/\/www.ayuntamientodeharia.com\/haria\/?p=23408"},"modified":"2022-08-12T14:21:40","modified_gmt":"2022-08-12T13:21:40","slug":"dona-sangre-en-haria","status":"publish","type":"post","link":"https:\/\/www.ayuntamientodeharia.com\/haria\/dona-sangre-en-haria\/","title":{"rendered":"Dona sangre en Har\u00eda"},"content":{"rendered":"<p>El Ayuntamiento de Har\u00eda anima a la poblaci\u00f3n a acudir la pr\u00f3xima semana a donar sangre en el municipio. El Instituto Canario de Hemodonaci\u00f3n y Hemoterapia (ICHH) colocar\u00e1 una unidad m\u00f3vil del 16 al 18 de agosto en la Calle La Garita, en Arrieta, y el 19 de agosto, en Har\u00eda.<\/p>\n<p>Los horarios para acudir a donar sangre en Arrieta ser\u00e1n de 17:15 a 20:30 horas, el 16 de agosto, de 17:00 a 20:30 horas, el 17, y de 17:00 a 20:15 horas, el d\u00eda 18. El d\u00eda 19 el horario ser\u00e1 de 10:15 a 13:15.<\/p>\n<p>Desde el Consistorio hacemos un llamamiento a la colaboraci\u00f3n ciudadana, ante la importancia de donar para salvar vidas, y agradecemos la colaboraci\u00f3n de las entidades deportivas del municipio para hacerse eco de esta campa\u00f1a.<\/p>\n","protected":false},"excerpt":{"rendered":"<p>El Ayuntamiento de Har\u00eda anima a la poblaci\u00f3n a acudir la pr\u00f3xima semana a donar sangre en el municipio. El Instituto Canario de Hemodonaci\u00f3n y Hemoterapia (ICHH) colocar\u00e1 una unidad m\u00f3vil del 16 al 18 de agosto en la Calle La Garita, en Arrieta, y el 19 de agosto, en Har\u00eda. Los horarios para acudir [&hellip;]<\/p>\n","protected":false},"author":13,"featured_media":23409,"comment_status":"closed","ping_status":"closed","sticky":false,"template":"","format":"standard","meta":{"footnotes":""},"categories":[32,11],"tags":[],"class_list":["post-23408","post","type-post","status-publish","format-standard","has-post-thumbnail","hentry","category-anuncios","category-hoja-de-haria"],"_links":{"self":[{"href":"https:\/\/www.ayuntamientodeharia.com\/haria\/wp-json\/wp\/v2\/posts\/23408","targetHints":{"allow":["GET"]}}],"collection":[{"href":"https:\/\/www.ayuntamientodeharia.com\/haria\/wp-json\/wp\/v2\/posts"}],"about":[{"href":"https:\/\/www.ayuntamientodeharia.com\/haria\/wp-json\/wp\/v2\/types\/post"}],"author":[{"embeddable":true,"href":"https:\/\/www.ayuntamientodeharia.com\/haria\/wp-json\/wp\/v2\/users\/13"}],"replies":[{"embeddable":true,"href":"https:\/\/www.ayuntamientodeharia.com\/haria\/wp-json\/wp\/v2\/comments?post=23408"}],"version-history":[{"count":2,"href":"https:\/\/www.ayuntamientodeharia.com\/haria\/wp-json\/wp\/v2\/posts\/23408\/revisions"}],"predecessor-version":[{"id":23411,"href":"https:\/\/www.ayuntamientodeharia.com\/haria\/wp-json\/wp\/v2\/posts\/23408\/revisions\/23411"}],"wp:featuredmedia":[{"embeddable":true,"href":"https:\/\/www.ayuntamientodeharia.com\/haria\/wp-json\/wp\/v2\/media\/23409"}],"wp:attachment":[{"href":"https:\/\/www.ayuntamientodeharia.com\/haria\/wp-json\/wp\/v2\/media?parent=23408"}],"wp:term":[{"taxonomy":"category","embeddable":true,"href":"https:\/\/www.ayuntamientodeharia.com\/haria\/wp-json\/wp\/v2\/categories?post=23408"},{"taxonomy":"post_tag","embeddable":true,"href":"https:\/\/www.ayuntamientodeharia.com\/haria\/wp-json\/wp\/v2\/tags?post=23408"}],"curies":[{"name":"wp","href":"https:\/\/api.w.org\/{rel}","templated":true}]}}