{"id":23400,"date":"2022-08-12T14:16:45","date_gmt":"2022-08-12T13:16:45","guid":{"rendered":"https:\/\/www.ayuntamientodeharia.com\/haria\/?p=23400"},"modified":"2022-08-12T14:22:23","modified_gmt":"2022-08-12T13:22:23","slug":"el-ayuntamiento-garantiza-la-defensa-de-la-poblacion-de-orzola-ante-las-notificaciones-del-gobierno-de-canarias-sobre-la-ampliacion-del-deslinde-en-el-nucleo-costero","status":"publish","type":"post","link":"https:\/\/www.ayuntamientodeharia.com\/haria\/el-ayuntamiento-garantiza-la-defensa-de-la-poblacion-de-orzola-ante-las-notificaciones-del-gobierno-de-canarias-sobre-la-ampliacion-del-deslinde-en-el-nucleo-costero\/","title":{"rendered":"El Ayuntamiento garantiza la defensa de la poblaci\u00f3n de \u00d3rzola ante las notificaciones del Gobierno de Espa\u00f1a sobre la ampliaci\u00f3n del deslinde en el n\u00facleo costero"},"content":{"rendered":"<p>El Ayuntamiento de Har\u00eda informa a los vecinos y vecinas de \u00d3rzola que, ante las cartas que est\u00e1n recibiendo por parte del Ministerio de Transici\u00f3n Ecol\u00f3gica del Gobierno de Espa\u00f1a, el Consistorio garantiza la defensa de los derechos de la poblaci\u00f3n y que ya se ha interpuesto el contencioso administrativo correspondiente.<\/p>\n<p>Por tanto, queda asegurada la defensa integral de sus derechos y esas notificaciones no tienen m\u00e1s efecto que el simple cumplimiento de un tr\u00e1mite.<\/p>\n<p>En todo momento primar\u00e1n los derechos del n\u00facleo costero de \u00d3rzola por encima de los intereses de ampliaci\u00f3n del deslinde por parte del Gobierno espa\u00f1ol.<\/p>\n","protected":false},"excerpt":{"rendered":"<p>El Ayuntamiento de Har\u00eda informa a los vecinos y vecinas de \u00d3rzola que, ante las cartas que est\u00e1n recibiendo por parte del Ministerio de Transici\u00f3n Ecol\u00f3gica del Gobierno de Espa\u00f1a, el Consistorio garantiza la defensa de los derechos de la poblaci\u00f3n y que ya se ha interpuesto el contencioso administrativo correspondiente. Por tanto, queda asegurada [&hellip;]<\/p>\n","protected":false},"author":13,"featured_media":23401,"comment_status":"closed","ping_status":"closed","sticky":false,"template":"","format":"standard","meta":{"footnotes":""},"categories":[32,11],"tags":[],"class_list":["post-23400","post","type-post","status-publish","format-standard","has-post-thumbnail","hentry","category-anuncios","category-hoja-de-haria"],"_links":{"self":[{"href":"https:\/\/www.ayuntamientodeharia.com\/haria\/wp-json\/wp\/v2\/posts\/23400","targetHints":{"allow":["GET"]}}],"collection":[{"href":"https:\/\/www.ayuntamientodeharia.com\/haria\/wp-json\/wp\/v2\/posts"}],"about":[{"href":"https:\/\/www.ayuntamientodeharia.com\/haria\/wp-json\/wp\/v2\/types\/post"}],"author":[{"embeddable":true,"href":"https:\/\/www.ayuntamientodeharia.com\/haria\/wp-json\/wp\/v2\/users\/13"}],"replies":[{"embeddable":true,"href":"https:\/\/www.ayuntamientodeharia.com\/haria\/wp-json\/wp\/v2\/comments?post=23400"}],"version-history":[{"count":3,"href":"https:\/\/www.ayuntamientodeharia.com\/haria\/wp-json\/wp\/v2\/posts\/23400\/revisions"}],"predecessor-version":[{"id":23412,"href":"https:\/\/www.ayuntamientodeharia.com\/haria\/wp-json\/wp\/v2\/posts\/23400\/revisions\/23412"}],"wp:featuredmedia":[{"embeddable":true,"href":"https:\/\/www.ayuntamientodeharia.com\/haria\/wp-json\/wp\/v2\/media\/23401"}],"wp:attachment":[{"href":"https:\/\/www.ayuntamientodeharia.com\/haria\/wp-json\/wp\/v2\/media?parent=23400"}],"wp:term":[{"taxonomy":"category","embeddable":true,"href":"https:\/\/www.ayuntamientodeharia.com\/haria\/wp-json\/wp\/v2\/categories?post=23400"},{"taxonomy":"post_tag","embeddable":true,"href":"https:\/\/www.ayuntamientodeharia.com\/haria\/wp-json\/wp\/v2\/tags?post=23400"}],"curies":[{"name":"wp","href":"https:\/\/api.w.org\/{rel}","templated":true}]}}