{"id":23374,"date":"2022-08-05T14:02:36","date_gmt":"2022-08-05T13:02:36","guid":{"rendered":"https:\/\/www.ayuntamientodeharia.com\/haria\/?p=23374"},"modified":"2022-08-05T14:02:36","modified_gmt":"2022-08-05T13:02:36","slug":"ponemos-fin-a-las-fiestas-del-carmen-2022-en-arrieta","status":"publish","type":"post","link":"https:\/\/www.ayuntamientodeharia.com\/haria\/ponemos-fin-a-las-fiestas-del-carmen-2022-en-arrieta\/","title":{"rendered":"Ponemos fin a las Fiestas del Carmen 2022 en Arrieta"},"content":{"rendered":"<p>El pasado fin de semana, pusimos fin a las Fiestas del Carmen del pueblo de Arrieta.<\/p>\n<p>La alcaldesa de Har\u00eda, Evelia Garc\u00eda, traslad\u00f3 en nombre del Ayuntamientos sus agradecimientos y felicitaciones por el esfuerzo e implicaci\u00f3n de todos y todas los que hicieron posible celebrar con \u00e9xito las festividades del pueblo.<\/p>\n<p>\u201cGracias al personal de Parque M\u00f3vil, Festejos y Actividades, a la Polic\u00eda Local y a Protecci\u00f3n Civil, al sonido e iluminaci\u00f3n, a la Comisi\u00f3n, patrones y colaboradores, por unas fiestas m\u00e1s que necesarias para Arrieta\u201d, expres\u00f3 la regidora.<\/p>\n<p>La programaci\u00f3n cont\u00f3 con actividades para ni\u00f1os, ni\u00f1as y familias, sorteos, cultura, talleres, juegos, torneos deportivos y actuaciones musicales, finalizando el pasado domingo con la misa en honor a la Virgen del Carmen y con la gala de fin de las fiestas en su 50 aniversario.<\/p>\n","protected":false},"excerpt":{"rendered":"<p>El pasado fin de semana, pusimos fin a las Fiestas del Carmen del pueblo de Arrieta. La alcaldesa de Har\u00eda, Evelia Garc\u00eda, traslad\u00f3 en nombre del Ayuntamientos sus agradecimientos y felicitaciones por el esfuerzo e implicaci\u00f3n de todos y todas los que hicieron posible celebrar con \u00e9xito las festividades del pueblo. \u201cGracias al personal de [&hellip;]<\/p>\n","protected":false},"author":13,"featured_media":23375,"comment_status":"closed","ping_status":"closed","sticky":false,"template":"","format":"standard","meta":{"footnotes":""},"categories":[425,15,11],"tags":[],"class_list":["post-23374","post","type-post","status-publish","format-standard","has-post-thumbnail","hentry","category-destacado","category-festejos","category-hoja-de-haria"],"_links":{"self":[{"href":"https:\/\/www.ayuntamientodeharia.com\/haria\/wp-json\/wp\/v2\/posts\/23374","targetHints":{"allow":["GET"]}}],"collection":[{"href":"https:\/\/www.ayuntamientodeharia.com\/haria\/wp-json\/wp\/v2\/posts"}],"about":[{"href":"https:\/\/www.ayuntamientodeharia.com\/haria\/wp-json\/wp\/v2\/types\/post"}],"author":[{"embeddable":true,"href":"https:\/\/www.ayuntamientodeharia.com\/haria\/wp-json\/wp\/v2\/users\/13"}],"replies":[{"embeddable":true,"href":"https:\/\/www.ayuntamientodeharia.com\/haria\/wp-json\/wp\/v2\/comments?post=23374"}],"version-history":[{"count":2,"href":"https:\/\/www.ayuntamientodeharia.com\/haria\/wp-json\/wp\/v2\/posts\/23374\/revisions"}],"predecessor-version":[{"id":23377,"href":"https:\/\/www.ayuntamientodeharia.com\/haria\/wp-json\/wp\/v2\/posts\/23374\/revisions\/23377"}],"wp:featuredmedia":[{"embeddable":true,"href":"https:\/\/www.ayuntamientodeharia.com\/haria\/wp-json\/wp\/v2\/media\/23375"}],"wp:attachment":[{"href":"https:\/\/www.ayuntamientodeharia.com\/haria\/wp-json\/wp\/v2\/media?parent=23374"}],"wp:term":[{"taxonomy":"category","embeddable":true,"href":"https:\/\/www.ayuntamientodeharia.com\/haria\/wp-json\/wp\/v2\/categories?post=23374"},{"taxonomy":"post_tag","embeddable":true,"href":"https:\/\/www.ayuntamientodeharia.com\/haria\/wp-json\/wp\/v2\/tags?post=23374"}],"curies":[{"name":"wp","href":"https:\/\/api.w.org\/{rel}","templated":true}]}}