{"id":23371,"date":"2022-08-05T14:01:20","date_gmt":"2022-08-05T13:01:20","guid":{"rendered":"https:\/\/www.ayuntamientodeharia.com\/haria\/?p=23371"},"modified":"2022-08-05T14:01:20","modified_gmt":"2022-08-05T13:01:20","slug":"el-consorcio-de-seguridad-y-emergencias-mejora-la-zona-cardioprotegida-de-haria","status":"publish","type":"post","link":"https:\/\/www.ayuntamientodeharia.com\/haria\/el-consorcio-de-seguridad-y-emergencias-mejora-la-zona-cardioprotegida-de-haria\/","title":{"rendered":"El Consorcio de Seguridad y Emergencias mejora la zona cardioprotegida de Har\u00eda"},"content":{"rendered":"<p>Har\u00eda fue la pasada semana el escenario de dos nuevas sesiones de la campa\u00f1a \u2018Este verano chapuz\u00f3n seguro\u2019.<\/p>\n<p>Durante el transcurso de esta iniciativa del Cabildo de Lanzarote y de la Fundaci\u00f3n Mapfre Guanarteme, el Consorcio de Seguridad y Emergencias entreg\u00f3 al Ayuntamiento de Har\u00eda un nuevo desfibrilador, con el fin de mejorar la zona cardioprotegida del municipio.<\/p>\n<p>El aparato estar\u00e1 disponible en la Playa de La Garita, en Arrieta, y contribuir\u00e1 a mejorar la seguridad de los visitantes del litoral y a salvar vidas ante posibles situaciones de parada card\u00edaca.<\/p>\n","protected":false},"excerpt":{"rendered":"<p>Har\u00eda fue la pasada semana el escenario de dos nuevas sesiones de la campa\u00f1a \u2018Este verano chapuz\u00f3n seguro\u2019. Durante el transcurso de esta iniciativa del Cabildo de Lanzarote y de la Fundaci\u00f3n Mapfre Guanarteme, el Consorcio de Seguridad y Emergencias entreg\u00f3 al Ayuntamiento de Har\u00eda un nuevo desfibrilador, con el fin de mejorar la zona [&hellip;]<\/p>\n","protected":false},"author":13,"featured_media":23372,"comment_status":"closed","ping_status":"closed","sticky":false,"template":"","format":"standard","meta":{"footnotes":""},"categories":[425,11],"tags":[],"class_list":["post-23371","post","type-post","status-publish","format-standard","has-post-thumbnail","hentry","category-destacado","category-hoja-de-haria"],"_links":{"self":[{"href":"https:\/\/www.ayuntamientodeharia.com\/haria\/wp-json\/wp\/v2\/posts\/23371","targetHints":{"allow":["GET"]}}],"collection":[{"href":"https:\/\/www.ayuntamientodeharia.com\/haria\/wp-json\/wp\/v2\/posts"}],"about":[{"href":"https:\/\/www.ayuntamientodeharia.com\/haria\/wp-json\/wp\/v2\/types\/post"}],"author":[{"embeddable":true,"href":"https:\/\/www.ayuntamientodeharia.com\/haria\/wp-json\/wp\/v2\/users\/13"}],"replies":[{"embeddable":true,"href":"https:\/\/www.ayuntamientodeharia.com\/haria\/wp-json\/wp\/v2\/comments?post=23371"}],"version-history":[{"count":1,"href":"https:\/\/www.ayuntamientodeharia.com\/haria\/wp-json\/wp\/v2\/posts\/23371\/revisions"}],"predecessor-version":[{"id":23373,"href":"https:\/\/www.ayuntamientodeharia.com\/haria\/wp-json\/wp\/v2\/posts\/23371\/revisions\/23373"}],"wp:featuredmedia":[{"embeddable":true,"href":"https:\/\/www.ayuntamientodeharia.com\/haria\/wp-json\/wp\/v2\/media\/23372"}],"wp:attachment":[{"href":"https:\/\/www.ayuntamientodeharia.com\/haria\/wp-json\/wp\/v2\/media?parent=23371"}],"wp:term":[{"taxonomy":"category","embeddable":true,"href":"https:\/\/www.ayuntamientodeharia.com\/haria\/wp-json\/wp\/v2\/categories?post=23371"},{"taxonomy":"post_tag","embeddable":true,"href":"https:\/\/www.ayuntamientodeharia.com\/haria\/wp-json\/wp\/v2\/tags?post=23371"}],"curies":[{"name":"wp","href":"https:\/\/api.w.org\/{rel}","templated":true}]}}