{"id":23364,"date":"2022-08-05T13:58:48","date_gmt":"2022-08-05T12:58:48","guid":{"rendered":"https:\/\/www.ayuntamientodeharia.com\/haria\/?p=23364"},"modified":"2022-08-05T14:06:01","modified_gmt":"2022-08-05T13:06:01","slug":"el-ayuntamiento-felicita-al-cl-union-norte-por-su-gran-temporada","status":"publish","type":"post","link":"https:\/\/www.ayuntamientodeharia.com\/haria\/el-ayuntamiento-felicita-al-cl-union-norte-por-su-gran-temporada\/","title":{"rendered":"El Ayuntamiento felicita al CL Uni\u00f3n Norte por su gran temporada"},"content":{"rendered":"<p>La temporada del Club de Lucha Uni\u00f3n Norte finaliz\u00f3 la pasada semana y el Ayuntamiento de Har\u00eda traslada sus felicitaciones por los magn\u00edficos resultados logrados en sus diferentes categor\u00edas.<\/p>\n<p>El Club destac\u00f3 el crecimiento conseguido esta temporada en las categor\u00edas base, logrando un segundo puesto en la Liga Benjam\u00edn, un primer puesto en Alev\u00edn, dos subcampeonatos en la categor\u00eda Senior y reconocimientos individuales como el m\u00e1ximo tumbador, el m\u00e1s espectacular, o la elecci\u00f3n de luchadores norte\u00f1os para las selecciones de Infantil y Cadete de Lanzarote.<\/p>\n","protected":false},"excerpt":{"rendered":"<p>La temporada del Club de Lucha Uni\u00f3n Norte finaliz\u00f3 la pasada semana y el Ayuntamiento de Har\u00eda traslada sus felicitaciones por los magn\u00edficos resultados logrados en sus diferentes categor\u00edas. El Club destac\u00f3 el crecimiento conseguido esta temporada en las categor\u00edas base, logrando un segundo puesto en la Liga Benjam\u00edn, un primer puesto en Alev\u00edn, dos [&hellip;]<\/p>\n","protected":false},"author":13,"featured_media":23365,"comment_status":"closed","ping_status":"closed","sticky":false,"template":"","format":"standard","meta":{"footnotes":""},"categories":[17,425,11],"tags":[],"class_list":["post-23364","post","type-post","status-publish","format-standard","has-post-thumbnail","hentry","category-deportes","category-destacado","category-hoja-de-haria"],"_links":{"self":[{"href":"https:\/\/www.ayuntamientodeharia.com\/haria\/wp-json\/wp\/v2\/posts\/23364","targetHints":{"allow":["GET"]}}],"collection":[{"href":"https:\/\/www.ayuntamientodeharia.com\/haria\/wp-json\/wp\/v2\/posts"}],"about":[{"href":"https:\/\/www.ayuntamientodeharia.com\/haria\/wp-json\/wp\/v2\/types\/post"}],"author":[{"embeddable":true,"href":"https:\/\/www.ayuntamientodeharia.com\/haria\/wp-json\/wp\/v2\/users\/13"}],"replies":[{"embeddable":true,"href":"https:\/\/www.ayuntamientodeharia.com\/haria\/wp-json\/wp\/v2\/comments?post=23364"}],"version-history":[{"count":1,"href":"https:\/\/www.ayuntamientodeharia.com\/haria\/wp-json\/wp\/v2\/posts\/23364\/revisions"}],"predecessor-version":[{"id":23366,"href":"https:\/\/www.ayuntamientodeharia.com\/haria\/wp-json\/wp\/v2\/posts\/23364\/revisions\/23366"}],"wp:featuredmedia":[{"embeddable":true,"href":"https:\/\/www.ayuntamientodeharia.com\/haria\/wp-json\/wp\/v2\/media\/23365"}],"wp:attachment":[{"href":"https:\/\/www.ayuntamientodeharia.com\/haria\/wp-json\/wp\/v2\/media?parent=23364"}],"wp:term":[{"taxonomy":"category","embeddable":true,"href":"https:\/\/www.ayuntamientodeharia.com\/haria\/wp-json\/wp\/v2\/categories?post=23364"},{"taxonomy":"post_tag","embeddable":true,"href":"https:\/\/www.ayuntamientodeharia.com\/haria\/wp-json\/wp\/v2\/tags?post=23364"}],"curies":[{"name":"wp","href":"https:\/\/api.w.org\/{rel}","templated":true}]}}