{"id":23346,"date":"2022-07-29T12:51:05","date_gmt":"2022-07-29T11:51:05","guid":{"rendered":"https:\/\/www.ayuntamientodeharia.com\/haria\/?p=23346"},"modified":"2022-07-29T12:51:05","modified_gmt":"2022-07-29T11:51:05","slug":"continuan-las-fiestas-del-carmen-2022-en-arrieta","status":"publish","type":"post","link":"https:\/\/www.ayuntamientodeharia.com\/haria\/continuan-las-fiestas-del-carmen-2022-en-arrieta\/","title":{"rendered":"Contin\u00faan las Fiestas del Carmen 2022 en Arrieta"},"content":{"rendered":"<p>Este fin de semana, contin\u00faan las Fiestas del Carmen del pueblo de Arrieta.<\/p>\n<p>La programaci\u00f3n llena de actividades para ni\u00f1os, ni\u00f1as y familias, sorteos, cultura, talleres, juegos, torneos deportivos y actuaciones musicales sigue durante este viernes, s\u00e1bado y domingo, d\u00eda en el que culminar\u00e1n los actos con la misa en honor a la Virgen del Carmen y con la gala de fin de las fiestas en su 50 aniversario.<\/p>\n<p><strong>PROGRAMACI\u00d3N<\/strong><\/p>\n<p><strong>Viernes, 29 de julio<\/strong><\/p>\n<p>10:00 horas. Juegos infantiles en La Garita<\/p>\n<p>16:00 horas. Aquatlon en la playa de La Garita<\/p>\n<p>17:30 horas. Sorteo y comienzo del campeonato de Ronda en el CSC La Garita<\/p>\n<p>18:00 horas. F\u00fatbol femenino en el campo Ladislao Rodr\u00edguez Bonilla, a continuaci\u00f3n f\u00fatbol masculino<\/p>\n<p>23:00 horas. Verbena popular con el Grupo Arena y Banda Nueva en La Garita<\/p>\n<p><strong>S\u00e1bado 30 de julio<\/strong><\/p>\n<p>11:00 horas. Van-life 2<\/p>\n<p>14:00 horas. Campeonato de Skate en La Garita<\/p>\n<p>18:30 horas. Exhibici\u00f3n de Balonmano Playa en colaboraci\u00f3n del Club de Balonmano Alisios en La Garita<\/p>\n<p>23:00 horas. Verbena popular con las orquestas Banda Nueva y Grupo Arena en La Garita<\/p>\n<p><strong>Domingo 31 de julio<\/strong><\/p>\n<p>12:15 horas. Misa en Honor a Nuestra Se\u00f1ora Virgen del Carmen amenizada por el coro Iris del Mar, Procesi\u00f3n terrestre y Procesi\u00f3n Mar\u00edtima<\/p>\n<p>21:30 horas. Gala de fin de fiesta \u201c50 a\u00f1os\u201d y sorteo de los premios en La Garita<\/p>\n","protected":false},"excerpt":{"rendered":"<p>Este fin de semana, contin\u00faan las Fiestas del Carmen del pueblo de Arrieta. La programaci\u00f3n llena de actividades para ni\u00f1os, ni\u00f1as y familias, sorteos, cultura, talleres, juegos, torneos deportivos y actuaciones musicales sigue durante este viernes, s\u00e1bado y domingo, d\u00eda en el que culminar\u00e1n los actos con la misa en honor a la Virgen del [&hellip;]<\/p>\n","protected":false},"author":13,"featured_media":23347,"comment_status":"closed","ping_status":"closed","sticky":false,"template":"","format":"standard","meta":{"footnotes":""},"categories":[425,15,11],"tags":[],"class_list":["post-23346","post","type-post","status-publish","format-standard","has-post-thumbnail","hentry","category-destacado","category-festejos","category-hoja-de-haria"],"_links":{"self":[{"href":"https:\/\/www.ayuntamientodeharia.com\/haria\/wp-json\/wp\/v2\/posts\/23346","targetHints":{"allow":["GET"]}}],"collection":[{"href":"https:\/\/www.ayuntamientodeharia.com\/haria\/wp-json\/wp\/v2\/posts"}],"about":[{"href":"https:\/\/www.ayuntamientodeharia.com\/haria\/wp-json\/wp\/v2\/types\/post"}],"author":[{"embeddable":true,"href":"https:\/\/www.ayuntamientodeharia.com\/haria\/wp-json\/wp\/v2\/users\/13"}],"replies":[{"embeddable":true,"href":"https:\/\/www.ayuntamientodeharia.com\/haria\/wp-json\/wp\/v2\/comments?post=23346"}],"version-history":[{"count":2,"href":"https:\/\/www.ayuntamientodeharia.com\/haria\/wp-json\/wp\/v2\/posts\/23346\/revisions"}],"predecessor-version":[{"id":23349,"href":"https:\/\/www.ayuntamientodeharia.com\/haria\/wp-json\/wp\/v2\/posts\/23346\/revisions\/23349"}],"wp:featuredmedia":[{"embeddable":true,"href":"https:\/\/www.ayuntamientodeharia.com\/haria\/wp-json\/wp\/v2\/media\/23347"}],"wp:attachment":[{"href":"https:\/\/www.ayuntamientodeharia.com\/haria\/wp-json\/wp\/v2\/media?parent=23346"}],"wp:term":[{"taxonomy":"category","embeddable":true,"href":"https:\/\/www.ayuntamientodeharia.com\/haria\/wp-json\/wp\/v2\/categories?post=23346"},{"taxonomy":"post_tag","embeddable":true,"href":"https:\/\/www.ayuntamientodeharia.com\/haria\/wp-json\/wp\/v2\/tags?post=23346"}],"curies":[{"name":"wp","href":"https:\/\/api.w.org\/{rel}","templated":true}]}}