{"id":23343,"date":"2022-07-29T12:38:32","date_gmt":"2022-07-29T11:38:32","guid":{"rendered":"https:\/\/www.ayuntamientodeharia.com\/haria\/?p=23343"},"modified":"2022-07-29T12:38:32","modified_gmt":"2022-07-29T11:38:32","slug":"abierto-el-plazo-de-matricula-para-la-escuela-de-teatro-de-haria","status":"publish","type":"post","link":"https:\/\/www.ayuntamientodeharia.com\/haria\/abierto-el-plazo-de-matricula-para-la-escuela-de-teatro-de-haria\/","title":{"rendered":"Abierto el plazo de matr\u00edcula para la Escuela de Teatro de Har\u00eda"},"content":{"rendered":"<p>La Concejal\u00eda de Cultura del Ayuntamiento de Har\u00eda anuncia la apertura del plazo de matr\u00edcula para solicitar plaza en la Escuela de Teatro municipal. Este dar\u00e1 comienzo el d\u00eda 1 de agosto y finalizar\u00e1 el pr\u00f3ximo 2 de septiembre.<\/p>\n<p>Tras el gran \u00e9xito cosechado en la primera fase, que tuvo lugar entre los meses de febrero y junio, y ante la demanda suscitada, arranca la fase II de este proyecto. La Escuela de Teatro de Har\u00eda ser\u00e1 un espacio para acercar el teatro al municipio a trav\u00e9s de t\u00e9cnicas y juegos de interpretaci\u00f3n innovadores y adaptados para su uso como futuros artistas.<\/p>\n<p>A lo largo del presente curso, el alumnado vivir\u00e1 una experiencia de relaci\u00f3n de grupo, apoyada en ejercicios de dramatizaci\u00f3n y juegos, dirigidos a ejercitar la expresi\u00f3n del oficio del comediante y su relaci\u00f3n con el equipo escenot\u00e9cnico que hace posible la puesta en escena.<\/p>\n<p>\u201cCreemos firmemente que la pr\u00e1ctica del teatro constituye una herramienta para la transformaci\u00f3n social y por ello queremos hacer crecer la escuela en este segundo curso\u201d, destac\u00f3 la concejala de Cultura, Evelia Garc\u00eda.<\/p>\n<p>En esta segunda fase, las clases tendr\u00e1n lugar entre los meses de septiembre a enero de 2023, en la Sala Teatro \u2018La Tegala\u2019. Estas ser\u00e1n dos veces a la semana, lunes y mi\u00e9rcoles de 18 a 20 horas, hasta completar 38 sesiones. La intenci\u00f3n es desarrollar, de manera adecuada, la competencia de conciencia y expresi\u00f3n cultural, fomentando el aprendizaje o autoaprendizaje y el aprendizaje cooperativo.<\/p>\n<p>El formulario de inscripci\u00f3n se encuentra en la p\u00e1gina web de Cultura, \u00a0<a href=\"http:\/\/www.culturedharia.com\">www.culturedharia.com<\/a>.<\/p>\n","protected":false},"excerpt":{"rendered":"<p>La Concejal\u00eda de Cultura del Ayuntamiento de Har\u00eda anuncia la apertura del plazo de matr\u00edcula para solicitar plaza en la Escuela de Teatro municipal. Este dar\u00e1 comienzo el d\u00eda 1 de agosto y finalizar\u00e1 el pr\u00f3ximo 2 de septiembre. Tras el gran \u00e9xito cosechado en la primera fase, que tuvo lugar entre los meses de [&hellip;]<\/p>\n","protected":false},"author":13,"featured_media":23344,"comment_status":"closed","ping_status":"closed","sticky":false,"template":"","format":"standard","meta":{"footnotes":""},"categories":[32,16,425,11],"tags":[],"class_list":["post-23343","post","type-post","status-publish","format-standard","has-post-thumbnail","hentry","category-anuncios","category-cultura","category-destacado","category-hoja-de-haria"],"_links":{"self":[{"href":"https:\/\/www.ayuntamientodeharia.com\/haria\/wp-json\/wp\/v2\/posts\/23343","targetHints":{"allow":["GET"]}}],"collection":[{"href":"https:\/\/www.ayuntamientodeharia.com\/haria\/wp-json\/wp\/v2\/posts"}],"about":[{"href":"https:\/\/www.ayuntamientodeharia.com\/haria\/wp-json\/wp\/v2\/types\/post"}],"author":[{"embeddable":true,"href":"https:\/\/www.ayuntamientodeharia.com\/haria\/wp-json\/wp\/v2\/users\/13"}],"replies":[{"embeddable":true,"href":"https:\/\/www.ayuntamientodeharia.com\/haria\/wp-json\/wp\/v2\/comments?post=23343"}],"version-history":[{"count":1,"href":"https:\/\/www.ayuntamientodeharia.com\/haria\/wp-json\/wp\/v2\/posts\/23343\/revisions"}],"predecessor-version":[{"id":23345,"href":"https:\/\/www.ayuntamientodeharia.com\/haria\/wp-json\/wp\/v2\/posts\/23343\/revisions\/23345"}],"wp:featuredmedia":[{"embeddable":true,"href":"https:\/\/www.ayuntamientodeharia.com\/haria\/wp-json\/wp\/v2\/media\/23344"}],"wp:attachment":[{"href":"https:\/\/www.ayuntamientodeharia.com\/haria\/wp-json\/wp\/v2\/media?parent=23343"}],"wp:term":[{"taxonomy":"category","embeddable":true,"href":"https:\/\/www.ayuntamientodeharia.com\/haria\/wp-json\/wp\/v2\/categories?post=23343"},{"taxonomy":"post_tag","embeddable":true,"href":"https:\/\/www.ayuntamientodeharia.com\/haria\/wp-json\/wp\/v2\/tags?post=23343"}],"curies":[{"name":"wp","href":"https:\/\/api.w.org\/{rel}","templated":true}]}}