{"id":23338,"date":"2022-07-29T12:18:49","date_gmt":"2022-07-29T11:18:49","guid":{"rendered":"https:\/\/www.ayuntamientodeharia.com\/haria\/?p=23338"},"modified":"2022-07-29T12:18:49","modified_gmt":"2022-07-29T11:18:49","slug":"el-punto-joven-organiza-la-ruta-de-las-nieves-en-una-nueva-edicion-del-proyecto-senderismo-4-estaciones","status":"publish","type":"post","link":"https:\/\/www.ayuntamientodeharia.com\/haria\/el-punto-joven-organiza-la-ruta-de-las-nieves-en-una-nueva-edicion-del-proyecto-senderismo-4-estaciones\/","title":{"rendered":"El Punto Joven organiza la ruta de \u2018Las Nieves\u2019 en una nueva edici\u00f3n del proyecto \u2018Senderismo 4 Estaciones\u2019"},"content":{"rendered":"<p>El Ayuntamiento de Har\u00eda, a trav\u00e9s del Punto Joven, departamento del \u00c1rea de Juventud, pone en marcha una nueva caminata enmarcada en la iniciativa \u2018Senderismo 4 Estaciones\u2019. Coincidiendo con las festividades de Las Nieves, el viernes, 5 de agosto, tendr\u00e1 lugar un sendero que ir\u00e1 desde Arrieta hasta la Ermita de Las Nieves.<\/p>\n<p>Por la distancia y altitud (+600 metros de desnivel positivo), la caminata tiene un nivel de exigencia medio-alto, por lo que hay que tener un m\u00ednimo de condici\u00f3n f\u00edsica para poder afrontarla. La salida ser\u00e1 a las 06:00 horas, desde el Charc\u00f3n en Arrieta. A partir de las 7:15 horas est\u00e1 previsto llegar a Har\u00eda y desde ah\u00ed subir junto a los dem\u00e1s peregrinos hac\u00eda Las Nieves.<\/p>\n<p>Los asistentes tienen que llevar agua, comida, ropa y calzado c\u00f3modo, gorra y protecci\u00f3n. Los menores de 12 a\u00f1os deber\u00e1n ir acompa\u00f1ados por un adulto.<\/p>\n<p>Las personas interesadas en acudir deber\u00e1n inscribirse a partir del lunes, 1 de agosto, a las 8:00 horas, en la Agenda de la web de juventudharia.es. Las plazas son limitadas y se ir\u00e1n cubriendo por orden de inscripci\u00f3n. Para m\u00e1s informaci\u00f3n pueden contactar en el tel\u00e9fono 637893535, al 928835009 extensi\u00f3n 6, o a trav\u00e9s del correo\u00a0<a href=\"mailto:juventud@ayuntamientodeharia.com\">juventud@ayuntamientodeharia.com<\/a>.<\/p>\n","protected":false},"excerpt":{"rendered":"<p>El Ayuntamiento de Har\u00eda, a trav\u00e9s del Punto Joven, departamento del \u00c1rea de Juventud, pone en marcha una nueva caminata enmarcada en la iniciativa \u2018Senderismo 4 Estaciones\u2019. Coincidiendo con las festividades de Las Nieves, el viernes, 5 de agosto, tendr\u00e1 lugar un sendero que ir\u00e1 desde Arrieta hasta la Ermita de Las Nieves. Por la [&hellip;]<\/p>\n","protected":false},"author":13,"featured_media":23091,"comment_status":"closed","ping_status":"closed","sticky":false,"template":"","format":"standard","meta":{"footnotes":""},"categories":[11,25],"tags":[],"class_list":["post-23338","post","type-post","status-publish","format-standard","has-post-thumbnail","hentry","category-hoja-de-haria","category-juventud"],"_links":{"self":[{"href":"https:\/\/www.ayuntamientodeharia.com\/haria\/wp-json\/wp\/v2\/posts\/23338","targetHints":{"allow":["GET"]}}],"collection":[{"href":"https:\/\/www.ayuntamientodeharia.com\/haria\/wp-json\/wp\/v2\/posts"}],"about":[{"href":"https:\/\/www.ayuntamientodeharia.com\/haria\/wp-json\/wp\/v2\/types\/post"}],"author":[{"embeddable":true,"href":"https:\/\/www.ayuntamientodeharia.com\/haria\/wp-json\/wp\/v2\/users\/13"}],"replies":[{"embeddable":true,"href":"https:\/\/www.ayuntamientodeharia.com\/haria\/wp-json\/wp\/v2\/comments?post=23338"}],"version-history":[{"count":1,"href":"https:\/\/www.ayuntamientodeharia.com\/haria\/wp-json\/wp\/v2\/posts\/23338\/revisions"}],"predecessor-version":[{"id":23339,"href":"https:\/\/www.ayuntamientodeharia.com\/haria\/wp-json\/wp\/v2\/posts\/23338\/revisions\/23339"}],"wp:featuredmedia":[{"embeddable":true,"href":"https:\/\/www.ayuntamientodeharia.com\/haria\/wp-json\/wp\/v2\/media\/23091"}],"wp:attachment":[{"href":"https:\/\/www.ayuntamientodeharia.com\/haria\/wp-json\/wp\/v2\/media?parent=23338"}],"wp:term":[{"taxonomy":"category","embeddable":true,"href":"https:\/\/www.ayuntamientodeharia.com\/haria\/wp-json\/wp\/v2\/categories?post=23338"},{"taxonomy":"post_tag","embeddable":true,"href":"https:\/\/www.ayuntamientodeharia.com\/haria\/wp-json\/wp\/v2\/tags?post=23338"}],"curies":[{"name":"wp","href":"https:\/\/api.w.org\/{rel}","templated":true}]}}