{"id":23335,"date":"2022-07-29T12:16:56","date_gmt":"2022-07-29T11:16:56","guid":{"rendered":"https:\/\/www.ayuntamientodeharia.com\/haria\/?p=23335"},"modified":"2022-07-29T12:16:56","modified_gmt":"2022-07-29T11:16:56","slug":"las-fiestas-de-arrieta-contaran-con-un-servicio-especial-de-guaguas","status":"publish","type":"post","link":"https:\/\/www.ayuntamientodeharia.com\/haria\/las-fiestas-de-arrieta-contaran-con-un-servicio-especial-de-guaguas\/","title":{"rendered":"Las Fiestas de Arrieta contar\u00e1n con un servicio especial de guaguas"},"content":{"rendered":"<p>El Ayuntamiento de Har\u00eda informa que el Cabildo de Lanzarote ha habilitado un servicio especial de guaguas para las festividades nocturnas de Arrieta.<\/p>\n<p>Concretamente, el Cabildo insular dispondr\u00e1 este servicio especial entre Arrieta y la Estaci\u00f3n de Guaguas de Arrecife, en las madrugadas de los d\u00edas s\u00e1bado, 30 de julio, y domingo, 31 de julio.<\/p>\n<p>En ambas jornadas, el \u00c1rea de Transportes autoriza a la empresa concesionaria Arrecife Bus S.L. a operar la L\u00ednea 7 con salidas a las 04:15 horas desde la Parada de Arrieta. El trayecto tendr\u00e1 las siguientes paradas: Arrieta \u2013 Tabayesco \u2013 Mala Abajo \u2013 Mala Correos \u2013 Centro Salud Mala \u2013 Jard\u00edn de Cactus \u2013 Plaza de Guatiza \u2013 Cruce el Moj\u00f3n \u2013 Teseguite Abajo \u2013 Iglesia de Teseguite \u2013 Centro Salud Teguise \u2013 Ayuntamiento Teguise \u2013 Nazaret \u2013 Las Cabreras \u2013 Tahiche \u2013 Cruce C\u00e9sar Manrique \u2013 Tahiche Bajo \u2013 El Jamonal \u2013 Altavista \u2013 Andenes de la Estaci\u00f3n de Guaguas.<\/p>\n","protected":false},"excerpt":{"rendered":"<p>El Ayuntamiento de Har\u00eda informa que el Cabildo de Lanzarote ha habilitado un servicio especial de guaguas para las festividades nocturnas de Arrieta. Concretamente, el Cabildo insular dispondr\u00e1 este servicio especial entre Arrieta y la Estaci\u00f3n de Guaguas de Arrecife, en las madrugadas de los d\u00edas s\u00e1bado, 30 de julio, y domingo, 31 de julio. [&hellip;]<\/p>\n","protected":false},"author":13,"featured_media":23336,"comment_status":"closed","ping_status":"closed","sticky":false,"template":"","format":"standard","meta":{"footnotes":""},"categories":[32,11,402],"tags":[],"class_list":["post-23335","post","type-post","status-publish","format-standard","has-post-thumbnail","hentry","category-anuncios","category-hoja-de-haria","category-transportes"],"_links":{"self":[{"href":"https:\/\/www.ayuntamientodeharia.com\/haria\/wp-json\/wp\/v2\/posts\/23335","targetHints":{"allow":["GET"]}}],"collection":[{"href":"https:\/\/www.ayuntamientodeharia.com\/haria\/wp-json\/wp\/v2\/posts"}],"about":[{"href":"https:\/\/www.ayuntamientodeharia.com\/haria\/wp-json\/wp\/v2\/types\/post"}],"author":[{"embeddable":true,"href":"https:\/\/www.ayuntamientodeharia.com\/haria\/wp-json\/wp\/v2\/users\/13"}],"replies":[{"embeddable":true,"href":"https:\/\/www.ayuntamientodeharia.com\/haria\/wp-json\/wp\/v2\/comments?post=23335"}],"version-history":[{"count":1,"href":"https:\/\/www.ayuntamientodeharia.com\/haria\/wp-json\/wp\/v2\/posts\/23335\/revisions"}],"predecessor-version":[{"id":23337,"href":"https:\/\/www.ayuntamientodeharia.com\/haria\/wp-json\/wp\/v2\/posts\/23335\/revisions\/23337"}],"wp:featuredmedia":[{"embeddable":true,"href":"https:\/\/www.ayuntamientodeharia.com\/haria\/wp-json\/wp\/v2\/media\/23336"}],"wp:attachment":[{"href":"https:\/\/www.ayuntamientodeharia.com\/haria\/wp-json\/wp\/v2\/media?parent=23335"}],"wp:term":[{"taxonomy":"category","embeddable":true,"href":"https:\/\/www.ayuntamientodeharia.com\/haria\/wp-json\/wp\/v2\/categories?post=23335"},{"taxonomy":"post_tag","embeddable":true,"href":"https:\/\/www.ayuntamientodeharia.com\/haria\/wp-json\/wp\/v2\/tags?post=23335"}],"curies":[{"name":"wp","href":"https:\/\/api.w.org\/{rel}","templated":true}]}}