{"id":23331,"date":"2022-07-29T12:15:24","date_gmt":"2022-07-29T11:15:24","guid":{"rendered":"https:\/\/www.ayuntamientodeharia.com\/haria\/?p=23331"},"modified":"2022-07-29T12:15:24","modified_gmt":"2022-07-29T11:15:24","slug":"el-artista-britanico-alan-c-lumb-expondra-sus-pinturas-en-la-sala-el-aljibe","status":"publish","type":"post","link":"https:\/\/www.ayuntamientodeharia.com\/haria\/el-artista-britanico-alan-c-lumb-expondra-sus-pinturas-en-la-sala-el-aljibe\/","title":{"rendered":"El artista brit\u00e1nico Alan C Lumb expondr\u00e1 sus pinturas en la Sala \u2018El Aljibe\u2019"},"content":{"rendered":"<p>La Sala \u2018El Aljibe\u2019 de Har\u00eda acoger\u00e1 a partir del pr\u00f3ximo 8 de agosto la exposici\u00f3n de dibujos y pinturas del artista brit\u00e1nico Alan C Lumb. Esta se inaugurar\u00e1 el pr\u00f3ximo 6 de agosto y permanecer\u00e1 abierta hasta el 27 del mismo mes.<\/p>\n<p>Alan C Lumb naci\u00f3 en Leeds en 1947 y estudi\u00f3 Bellas Artes en Batley y Leeds Art Colleges. Su inspiraci\u00f3n para todos sus dibujos es la figura humana. Ellos contrastan con sus pinturas que son principalmente abstractas y se inspiran en el paisaje \u00fanico y hermoso de Lanzarote.<\/p>\n<p>El artista est\u00e1 afincado en Lanzarote desde el a\u00f1o 2005.<\/p>\n","protected":false},"excerpt":{"rendered":"<p>La Sala \u2018El Aljibe\u2019 de Har\u00eda acoger\u00e1 a partir del pr\u00f3ximo 8 de agosto la exposici\u00f3n de dibujos y pinturas del artista brit\u00e1nico Alan C Lumb. Esta se inaugurar\u00e1 el pr\u00f3ximo 6 de agosto y permanecer\u00e1 abierta hasta el 27 del mismo mes. Alan C Lumb naci\u00f3 en Leeds en 1947 y estudi\u00f3 Bellas Artes [&hellip;]<\/p>\n","protected":false},"author":13,"featured_media":23332,"comment_status":"closed","ping_status":"closed","sticky":false,"template":"","format":"standard","meta":{"footnotes":""},"categories":[16,11],"tags":[],"class_list":["post-23331","post","type-post","status-publish","format-standard","has-post-thumbnail","hentry","category-cultura","category-hoja-de-haria"],"_links":{"self":[{"href":"https:\/\/www.ayuntamientodeharia.com\/haria\/wp-json\/wp\/v2\/posts\/23331","targetHints":{"allow":["GET"]}}],"collection":[{"href":"https:\/\/www.ayuntamientodeharia.com\/haria\/wp-json\/wp\/v2\/posts"}],"about":[{"href":"https:\/\/www.ayuntamientodeharia.com\/haria\/wp-json\/wp\/v2\/types\/post"}],"author":[{"embeddable":true,"href":"https:\/\/www.ayuntamientodeharia.com\/haria\/wp-json\/wp\/v2\/users\/13"}],"replies":[{"embeddable":true,"href":"https:\/\/www.ayuntamientodeharia.com\/haria\/wp-json\/wp\/v2\/comments?post=23331"}],"version-history":[{"count":2,"href":"https:\/\/www.ayuntamientodeharia.com\/haria\/wp-json\/wp\/v2\/posts\/23331\/revisions"}],"predecessor-version":[{"id":23334,"href":"https:\/\/www.ayuntamientodeharia.com\/haria\/wp-json\/wp\/v2\/posts\/23331\/revisions\/23334"}],"wp:featuredmedia":[{"embeddable":true,"href":"https:\/\/www.ayuntamientodeharia.com\/haria\/wp-json\/wp\/v2\/media\/23332"}],"wp:attachment":[{"href":"https:\/\/www.ayuntamientodeharia.com\/haria\/wp-json\/wp\/v2\/media?parent=23331"}],"wp:term":[{"taxonomy":"category","embeddable":true,"href":"https:\/\/www.ayuntamientodeharia.com\/haria\/wp-json\/wp\/v2\/categories?post=23331"},{"taxonomy":"post_tag","embeddable":true,"href":"https:\/\/www.ayuntamientodeharia.com\/haria\/wp-json\/wp\/v2\/tags?post=23331"}],"curies":[{"name":"wp","href":"https:\/\/api.w.org\/{rel}","templated":true}]}}