{"id":23326,"date":"2022-07-29T12:10:16","date_gmt":"2022-07-29T11:10:16","guid":{"rendered":"https:\/\/www.ayuntamientodeharia.com\/haria\/?p=23326"},"modified":"2022-07-29T12:10:16","modified_gmt":"2022-07-29T11:10:16","slug":"abierto-el-plazo-para-la-inscripcion-de-los-ventorillos-para-las-fiestas-del-pino-en-punta-mujeres","status":"publish","type":"post","link":"https:\/\/www.ayuntamientodeharia.com\/haria\/abierto-el-plazo-para-la-inscripcion-de-los-ventorillos-para-las-fiestas-del-pino-en-punta-mujeres\/","title":{"rendered":"Abierto el plazo para la inscripci\u00f3n de los ventorillos para las fiestas del Pino en Punta Mujeres"},"content":{"rendered":"<p>El Ayuntamiento de Har\u00eda comunica que el plazo para la inscripci\u00f3n de los ventorillos para las fiestas del Pino en Punta Mujeres se encuentra abierto.<\/p>\n<p>Por ello, desde el Consistorio se invita a todos los interesados e interesadas a una reuni\u00f3n informativa el pr\u00f3ximo mi\u00e9rcoles, 3 de agosto, a las 20:00 horas, en el CSC \u2018El Marinero\u2019, de Punta Mujeres.<\/p>\n","protected":false},"excerpt":{"rendered":"<p>El Ayuntamiento de Har\u00eda comunica que el plazo para la inscripci\u00f3n de los ventorillos para las fiestas del Pino en Punta Mujeres se encuentra abierto. Por ello, desde el Consistorio se invita a todos los interesados e interesadas a una reuni\u00f3n informativa el pr\u00f3ximo mi\u00e9rcoles, 3 de agosto, a las 20:00 horas, en el CSC [&hellip;]<\/p>\n","protected":false},"author":13,"featured_media":22463,"comment_status":"closed","ping_status":"closed","sticky":false,"template":"","format":"standard","meta":{"footnotes":""},"categories":[32,15,11],"tags":[],"class_list":["post-23326","post","type-post","status-publish","format-standard","has-post-thumbnail","hentry","category-anuncios","category-festejos","category-hoja-de-haria"],"_links":{"self":[{"href":"https:\/\/www.ayuntamientodeharia.com\/haria\/wp-json\/wp\/v2\/posts\/23326","targetHints":{"allow":["GET"]}}],"collection":[{"href":"https:\/\/www.ayuntamientodeharia.com\/haria\/wp-json\/wp\/v2\/posts"}],"about":[{"href":"https:\/\/www.ayuntamientodeharia.com\/haria\/wp-json\/wp\/v2\/types\/post"}],"author":[{"embeddable":true,"href":"https:\/\/www.ayuntamientodeharia.com\/haria\/wp-json\/wp\/v2\/users\/13"}],"replies":[{"embeddable":true,"href":"https:\/\/www.ayuntamientodeharia.com\/haria\/wp-json\/wp\/v2\/comments?post=23326"}],"version-history":[{"count":1,"href":"https:\/\/www.ayuntamientodeharia.com\/haria\/wp-json\/wp\/v2\/posts\/23326\/revisions"}],"predecessor-version":[{"id":23327,"href":"https:\/\/www.ayuntamientodeharia.com\/haria\/wp-json\/wp\/v2\/posts\/23326\/revisions\/23327"}],"wp:featuredmedia":[{"embeddable":true,"href":"https:\/\/www.ayuntamientodeharia.com\/haria\/wp-json\/wp\/v2\/media\/22463"}],"wp:attachment":[{"href":"https:\/\/www.ayuntamientodeharia.com\/haria\/wp-json\/wp\/v2\/media?parent=23326"}],"wp:term":[{"taxonomy":"category","embeddable":true,"href":"https:\/\/www.ayuntamientodeharia.com\/haria\/wp-json\/wp\/v2\/categories?post=23326"},{"taxonomy":"post_tag","embeddable":true,"href":"https:\/\/www.ayuntamientodeharia.com\/haria\/wp-json\/wp\/v2\/tags?post=23326"}],"curies":[{"name":"wp","href":"https:\/\/api.w.org\/{rel}","templated":true}]}}